{"id":5212,"date":"2017-06-17T12:38:57","date_gmt":"2017-06-17T12:38:57","guid":{"rendered":"http:\/\/blog.maxieduca.com.br\/?p=5212"},"modified":"2019-04-22T18:26:41","modified_gmt":"2019-04-22T18:26:41","slug":"turbante","status":"publish","type":"post","link":"https:\/\/www.maxieduca.com.br\/blog\/william-douglas\/turbante\/","title":{"rendered":"Turbante para todos &#8211; por William Douglas | juiz federal"},"content":{"rendered":"<h4 style=\"text-align: right;\"><span style=\"color: #000000;\">William Douglas, juiz federal (RJ), professor e escritor<\/span><\/h4>\n<div><\/div>\n<div style=\"text-align: justify;\"><span style=\"color: #000000; font-size: medium;\">Recentemente, critiquei quem negou a uma jovem branca o direito de usar turbante. Sustentei que o mesmo n\u00e3o \u00e9 propriedade de nenhuma cultura ou pa\u00eds em especial e que ningu\u00e9m tem o direito de impedir outra pessoa de usar a roupa que deseja. Pois este artigo \u00e9 sobre o mesmo assunto: ningu\u00e9m tem o direito de impedir outra pessoa de usar a roupa que deseja.<\/span><\/div>\n<div style=\"text-align: justify;\"><span style=\"color: #000000;\">\u00a0<\/span><span style=\"color: #000000;\">\u00a0<\/span><span style=\"color: #000000;\">\u00a0<\/span><\/div>\n<div style=\"text-align: justify;\"><span style=\"color: #000000; font-size: medium;\">O turbante na branca n\u00e3o deveria ser visto como algo ruim, mas como parte de um processo de evolu\u00e7\u00e3o da sociedade, no qual a beleza do turbante e a generaliza\u00e7\u00e3o de seu uso, al\u00e9m de ser mero exerc\u00edcio de direito de cada um, tamb\u00e9m torna cada vez mais comum (e menos sujeito a ataques) o seu uso. Hoje estou aqui para falar do turbante na mulher negra.<\/span><\/div>\n<div style=\"text-align: justify;\"><span style=\"color: #000000;\">\u00a0<\/span><span style=\"color: #000000;\">\u00a0<\/span><span style=\"color: #000000;\">\u00a0<\/span><\/div>\n<div style=\"text-align: justify;\"><span style=\"color: #000000; font-size: medium;\">O turbante pode ser utilizado apenas como adere\u00e7o, ou tamb\u00e9m com o simbolismo que um ou outro grupo empreste ao mesmo: cultural, religioso, ativista, o que for. Eu, por exemplo, utilizo o anel de tucum por motivos filos\u00f3ficos, mas sei de quem utiliza o anel preto apenas por gostar da cor. Cada um com suas escolhas, todas devendo ser respeitadas.<\/span><\/div>\n<div style=\"text-align: justify;\"><span style=\"color: #000000;\">\u00a0<\/span><\/div>\n<div style=\"text-align: justify;\"><span style=\"color: #000000;\">\u00a0<\/span><span style=\"color: #000000; font-size: medium;\">Ent\u00e3o, dentro da ideia do \u201cdireito ao turbante\u201d, registro aqui meu rep\u00fadio ao fato que narro a seguir. Obviamente, escrevo a partir de uma not\u00edcia publicada na Folha, sem ter todos os dados sobre o mesmo. O epis\u00f3dio est\u00e1 sendo apurado e espero que a verdade seja esclarecida e os fatos recebam a devida retribui\u00e7\u00e3o, na forma da lei.<\/span><\/div>\n<div style=\"text-align: justify;\"><span style=\"color: #000000;\">\u00a0<\/span><\/div>\n<div style=\"text-align: justify;\"><span style=\"color: #000000;\">\u00a0<\/span><span style=\"color: #000000;\">\u00a0<\/span><span style=\"color: #000000; font-size: medium;\">Eis a not\u00edcia: \u201cJovem tem turbante arrancado em festa de formatura em Minas Gerais\u201d (dispon\u00edvel em:<span class=\"Apple-converted-space\">\u00a0<\/span>&lt;http:\/\/www1.folha.uol.com.br\/cotidiano\/2017\/04\/1878329-jovem-tem-turbante-arrancado-em-festa-de-formatura-em-minas-gerais.shtml&gt;).<span class=\"Apple-converted-space\">\u00a0<\/span>Em resumo, narra-se que a pedagoga e ativista Dandara Tonantzin Castro teve seu turbante arrancado em uma festa de formatura, em Uberl\u00e2ndia\/MG.<\/span><\/div>\n<div style=\"text-align: justify;\"><span style=\"color: #000000;\">\u00a0<\/span><\/div>\n<div style=\"text-align: justify;\"><span style=\"color: #000000;\">\u00a0<\/span><span style=\"color: #000000;\">\u00a0<\/span><span style=\"color: #000000; font-size: medium;\">Sendo o que parece, estamos diante de crime, de racismo, de intoler\u00e2ncia, enfim, de uma s\u00e9rie de comportamentos que j\u00e1 dever\u00edamos, enquanto sociedade, ter superado. Quem tirou o turbante, quem ofendeu essa cidad\u00e3, quem jogou cerveja, quem errou, portanto, deve ser punido. E com rigor. Agress\u00f5es como essas n\u00e3o podem passar em branco (utilizei o termo de prop\u00f3sito). Racismo n\u00e3o pode passar em branco, nem em cor nenhuma.<\/span><\/div>\n<div style=\"text-align: justify;\"><span style=\"color: #000000;\">\u00a0<\/span><\/div>\n<div style=\"text-align: justify;\"><span style=\"color: #000000;\">\u00a0<\/span><span style=\"color: #000000;\">\u00a0<\/span><\/div>\n<div style=\"text-align: justify;\"><span style=\"color: #000000; font-size: medium;\">Ainda que algu\u00e9m me acuse de machismo, me perdoem, mas aprendi com minha m\u00e3e que \u201chomem n\u00e3o bate em mulher\u201d. O certo \u00e9 que n\u00e3o se bata em ningu\u00e9m, mas diante da, em geral, superioridade f\u00edsica masculina, um homem bater em mulher \u00e9 ainda mais reprov\u00e1vel do que se o fizesse em outro homem. Nem bater, nem ofender, nem assediar, nem estuprar. Em suma, n\u00e3o usar a for\u00e7a. Jeito de tratar mulher, tamb\u00e9m aprendi na B\u00edblia: \u201c\u00c0s mulheres de idade como a m\u00e3es, \u00e0s jovens como a irm\u00e3s, com toda a pureza\u201d (1 Tim\u00f3teo 5:2).<\/span><\/div>\n<div style=\"text-align: justify;\"><span style=\"color: #000000;\">\u00a0<\/span><\/div>\n<div style=\"text-align: justify;\"><span style=\"color: #000000;\">\u00a0<\/span><span style=\"color: #000000;\">\u00a0<\/span><span style=\"color: #000000; font-size: medium;\">Outra coisa: se o turbante incomoda a algu\u00e9m, que este algu\u00e9m aprenda a lidar com isso. Eles estar\u00e3o cada vez mais presentes, seja entre as pessoas que o assumem como refer\u00eancia cultural, seja entre os que j\u00e1 viram como \u00e9 bonito como adere\u00e7o, ou como solu\u00e7\u00e3o para quem, por exemplo, est\u00e1 fazendo quimioterapia e perdeu seus cabelos. E, se for por motivo religioso, que aprendam todos que um pa\u00eds laico \u00e9 aquele onde todas as manifesta\u00e7\u00f5es religiosas devem ser toleradas, da umbanda ao ate\u00edsmo, passando por todos os demais segmentos. N\u00e3o podemos tolerar neopentecostais (que n\u00e3o conhecem direito nem o cristianismo) invadindo terreiros, e nem feministas e outros ativistas vilipendiando templos ou s\u00edmbolos religiosos cat\u00f3licos.<\/span><\/div>\n<div style=\"text-align: justify;\"><span style=\"color: #000000;\">\u00a0<\/span><span style=\"color: #000000;\">\u00a0<\/span><\/div>\n<div style=\"text-align: justify;\"><span style=\"color: #000000;\">\u00a0<\/span><\/div>\n<div style=\"text-align: justify;\"><span style=\"color: #000000; font-size: medium;\">Enfim, este r\u00e1pido artigo \u00e9 para repetir os termos da Declara\u00e7\u00e3o Universal dos Direitos Humanos, artigo 1\u00ba: Todas as pessoas nascem livres e iguais em dignidade e direitos. S\u00e3o dotadas de raz\u00e3o e consci\u00eancia e devem agir em rela\u00e7\u00e3o umas \u00e0s outras com esp\u00edrito de fraternidade\u201d, e do artigo 5\u00ba da nossa Constitui\u00e7\u00e3o: \u201cTodos s\u00e3o iguais perante a lei, sem distin\u00e7\u00e3o de qualquer natureza.\u201d<\/span><\/div>\n<div style=\"text-align: justify;\"><span style=\"color: #000000;\">\u00a0<\/span><\/div>\n<div style=\"text-align: justify;\"><span style=\"color: #000000;\">\u00a0<\/span><span style=\"color: #000000;\">\u00a0<\/span><span style=\"color: #000000; font-size: medium;\">Em outras palavras,<\/span><\/div>\n<div style=\"text-align: justify;\"><span style=\"color: #000000;\">\u00a0<\/span><\/div>\n<div style=\"text-align: justify;\"><span style=\"color: #000000;\">\u00a0<\/span><span style=\"color: #000000;\">\u00a0<\/span><span style=\"color: #000000; font-size: medium;\">Todas as pessoas nascem livres e com o direito de usar turbante.<\/span><\/div>\n<div style=\"text-align: justify;\"><span style=\"color: #000000;\">\u00a0<\/span><span style=\"color: #000000;\">\u00a0<\/span><span style=\"color: #000000;\">\u00a0<\/span><\/div>\n<div style=\"text-align: justify;\"><span style=\"color: #000000; font-size: medium;\">Por fim, um registro. O grau de viol\u00eancia da jovem negra que importunou a mo\u00e7a branca \u00e9 abissalmente menor que o grau de viol\u00eancia do covarde que arrancou o turbante da mulher negra. A jovem negra talvez mude de ideia conversando, mas o homem branco, al\u00e9m da conversa, e confirmados os fatos, tamb\u00e9m merece uma pena criminal veemente o suficiente. Eu, se fosse o juiz do caso, incluiria nas penas fazer este cidad\u00e3o frequentar semanalmente, por pelo menos um ano, as reuni\u00f5es da Educafro, onde vemos todos os dias o quanto nossa sociedade ainda \u00e9 racista, elitista e insens\u00edvel aos mais pobres de todas as cores, mas especialmente dura com os negros e ainda mais com as mulheres negras.<\/span><\/div>\n<div style=\"text-align: justify;\"><span style=\"color: #000000;\">\u00a0<\/span><span style=\"color: #000000;\">\u00a0<\/span><\/div>\n<div style=\"text-align: justify;\"><span style=\"color: #000000; font-size: medium;\">A todos que desejarem, meus votos de que usem o turbante sem serem atacados verbal ou fisicamente. Turbante para todos, enfim.<\/span><\/div>\n","protected":false},"excerpt":{"rendered":"<p>Este artigo \u00e9 sobre o mesmo assunto: ningu\u00e9m tem o direito de impedir outra pessoa de usar a roupa que deseja. Sustentei que o mesmo n\u00e3o \u00e9 propriedade de nenhuma cultura ou pa\u00eds em especial e que ningu\u00e9m tem o direito de impedir outra pessoa de usar a roupa que deseja.<\/p>\n","protected":false},"author":40,"featured_media":5215,"comment_status":"open","ping_status":"open","sticky":false,"template":"","format":"standard","meta":[],"categories":[97],"tags":[],"acf":[],"yoast_head":"<!-- This site is optimized with the Yoast SEO plugin v20.7 - https:\/\/yoast.com\/wordpress\/plugins\/seo\/ -->\n<title>Turbante para todos<\/title>\n<meta name=\"description\" content=\"Recentemente, critiquei quem negou a uma jovem branca o direito de usar turbante. Sustentei que o mesmo n\u00e3o \u00e9 propriedade de nenhuma cultura ou pa\u00eds em especial e que ningu\u00e9m tem o direito de impedir outra pessoa de usar a roupa que deseja\" \/>\n<meta name=\"robots\" content=\"index, follow, max-snippet:-1, max-image-preview:large, max-video-preview:-1\" \/>\n<link rel=\"canonical\" href=\"https:\/\/www.maxieduca.com.br\/blog\/william-douglas\/turbante\/\" \/>\n<meta property=\"og:locale\" content=\"pt_BR\" \/>\n<meta property=\"og:type\" content=\"article\" \/>\n<meta property=\"og:title\" content=\"Turbante para todos\" \/>\n<meta property=\"og:description\" content=\"Recentemente, critiquei quem negou a uma jovem branca o direito de usar turbante. Sustentei que o mesmo n\u00e3o \u00e9 propriedade de nenhuma cultura ou pa\u00eds em especial e que ningu\u00e9m tem o direito de impedir outra pessoa de usar a roupa que deseja\" \/>\n<meta property=\"og:url\" content=\"https:\/\/www.maxieduca.com.br\/blog\/william-douglas\/turbante\/\" \/>\n<meta property=\"og:site_name\" content=\"Blog Maxi Educa\" \/>\n<meta property=\"article:published_time\" content=\"2017-06-17T12:38:57+00:00\" \/>\n<meta property=\"article:modified_time\" content=\"2019-04-22T18:26:41+00:00\" \/>\n<meta property=\"og:image\" content=\"https:\/\/www.maxieduca.com.br\/blog\/wp-content\/uploads\/2017\/06\/William-Douglas.jpg\" \/>\n\t<meta property=\"og:image:width\" content=\"851\" \/>\n\t<meta property=\"og:image:height\" content=\"1280\" \/>\n\t<meta property=\"og:image:type\" content=\"image\/jpeg\" \/>\n<meta name=\"author\" content=\"William Douglas\" \/>\n<meta name=\"twitter:card\" content=\"summary_large_image\" \/>\n<meta name=\"twitter:label1\" content=\"Written by\" \/>\n\t<meta name=\"twitter:data1\" content=\"William Douglas\" \/>\n\t<meta name=\"twitter:label2\" content=\"Est. reading time\" \/>\n\t<meta name=\"twitter:data2\" content=\"4 minutos\" \/>\n<script type=\"application\/ld+json\" class=\"yoast-schema-graph\">{\"@context\":\"https:\/\/schema.org\",\"@graph\":[{\"@type\":\"Article\",\"@id\":\"https:\/\/www.maxieduca.com.br\/blog\/william-douglas\/turbante\/#article\",\"isPartOf\":{\"@id\":\"https:\/\/www.maxieduca.com.br\/blog\/william-douglas\/turbante\/\"},\"author\":{\"name\":\"William Douglas\",\"@id\":\"https:\/\/www.maxieduca.com.br\/blog\/#\/schema\/person\/e4917cddf1be9861c74d0a11d64039bf\"},\"headline\":\"Turbante para todos &#8211; por William Douglas | juiz federal\",\"datePublished\":\"2017-06-17T12:38:57+00:00\",\"dateModified\":\"2019-04-22T18:26:41+00:00\",\"mainEntityOfPage\":{\"@id\":\"https:\/\/www.maxieduca.com.br\/blog\/william-douglas\/turbante\/\"},\"wordCount\":875,\"commentCount\":0,\"publisher\":{\"@id\":\"https:\/\/www.maxieduca.com.br\/blog\/#organization\"},\"articleSection\":[\"William Douglas\"],\"inLanguage\":\"pt-BR\",\"potentialAction\":[{\"@type\":\"CommentAction\",\"name\":\"Comment\",\"target\":[\"https:\/\/www.maxieduca.com.br\/blog\/william-douglas\/turbante\/#respond\"]}]},{\"@type\":\"WebPage\",\"@id\":\"https:\/\/www.maxieduca.com.br\/blog\/william-douglas\/turbante\/\",\"url\":\"https:\/\/www.maxieduca.com.br\/blog\/william-douglas\/turbante\/\",\"name\":\"Turbante para todos\",\"isPartOf\":{\"@id\":\"https:\/\/www.maxieduca.com.br\/blog\/#website\"},\"datePublished\":\"2017-06-17T12:38:57+00:00\",\"dateModified\":\"2019-04-22T18:26:41+00:00\",\"description\":\"Recentemente, critiquei quem negou a uma jovem branca o direito de usar turbante. Sustentei que o mesmo n\u00e3o \u00e9 propriedade de nenhuma cultura ou pa\u00eds em especial e que ningu\u00e9m tem o direito de impedir outra pessoa de usar a roupa que deseja\",\"breadcrumb\":{\"@id\":\"https:\/\/www.maxieduca.com.br\/blog\/william-douglas\/turbante\/#breadcrumb\"},\"inLanguage\":\"pt-BR\",\"potentialAction\":[{\"@type\":\"ReadAction\",\"target\":[\"https:\/\/www.maxieduca.com.br\/blog\/william-douglas\/turbante\/\"]}]},{\"@type\":\"BreadcrumbList\",\"@id\":\"https:\/\/www.maxieduca.com.br\/blog\/william-douglas\/turbante\/#breadcrumb\",\"itemListElement\":[{\"@type\":\"ListItem\",\"position\":1,\"name\":\"In\u00edcio\",\"item\":\"https:\/\/www.maxieduca.com.br\/blog\/\"},{\"@type\":\"ListItem\",\"position\":2,\"name\":\"Turbante para todos &#8211; por William Douglas | juiz federal\"}]},{\"@type\":\"WebSite\",\"@id\":\"https:\/\/www.maxieduca.com.br\/blog\/#website\",\"url\":\"https:\/\/www.maxieduca.com.br\/blog\/\",\"name\":\"Blog Maxi Educa\",\"description\":\"Dicas de concursos, apostilas e vestibulares\",\"publisher\":{\"@id\":\"https:\/\/www.maxieduca.com.br\/blog\/#organization\"},\"potentialAction\":[{\"@type\":\"SearchAction\",\"target\":{\"@type\":\"EntryPoint\",\"urlTemplate\":\"https:\/\/www.maxieduca.com.br\/blog\/?s={search_term_string}\"},\"query-input\":\"required name=search_term_string\"}],\"inLanguage\":\"pt-BR\"},{\"@type\":\"Organization\",\"@id\":\"https:\/\/www.maxieduca.com.br\/blog\/#organization\",\"name\":\"Maxi Educa - Instituto maximize educa\u00e7\u00e3o\",\"url\":\"https:\/\/www.maxieduca.com.br\/blog\/\",\"logo\":{\"@type\":\"ImageObject\",\"inLanguage\":\"pt-BR\",\"@id\":\"https:\/\/www.maxieduca.com.br\/blog\/#\/schema\/logo\/image\/\",\"url\":\"https:\/\/blog.maxieduca.com.br\/wp-content\/uploads\/2016\/11\/logo-colorida.png\",\"contentUrl\":\"https:\/\/blog.maxieduca.com.br\/wp-content\/uploads\/2016\/11\/logo-colorida.png\",\"width\":228,\"height\":115,\"caption\":\"Maxi Educa - Instituto maximize educa\u00e7\u00e3o\"},\"image\":{\"@id\":\"https:\/\/www.maxieduca.com.br\/blog\/#\/schema\/logo\/image\/\"}},{\"@type\":\"Person\",\"@id\":\"https:\/\/www.maxieduca.com.br\/blog\/#\/schema\/person\/e4917cddf1be9861c74d0a11d64039bf\",\"name\":\"William Douglas\",\"image\":{\"@type\":\"ImageObject\",\"inLanguage\":\"pt-BR\",\"@id\":\"https:\/\/www.maxieduca.com.br\/blog\/#\/schema\/person\/image\/\",\"url\":\"https:\/\/secure.gravatar.com\/avatar\/8dedfd31d17ee2bb653da55a3f36dee1?s=96&d=mm&r=g\",\"contentUrl\":\"https:\/\/secure.gravatar.com\/avatar\/8dedfd31d17ee2bb653da55a3f36dee1?s=96&d=mm&r=g\",\"caption\":\"William Douglas\"},\"sameAs\":[\"https:\/\/www.maxieduca.com.br\/tutores\"],\"url\":\"https:\/\/www.maxieduca.com.br\/blog\/author\/william\/\"}]}<\/script>\n<!-- \/ Yoast SEO plugin. -->","yoast_head_json":{"title":"Turbante para todos","description":"Recentemente, critiquei quem negou a uma jovem branca o direito de usar turbante. Sustentei que o mesmo n\u00e3o \u00e9 propriedade de nenhuma cultura ou pa\u00eds em especial e que ningu\u00e9m tem o direito de impedir outra pessoa de usar a roupa que deseja","robots":{"index":"index","follow":"follow","max-snippet":"max-snippet:-1","max-image-preview":"max-image-preview:large","max-video-preview":"max-video-preview:-1"},"canonical":"https:\/\/www.maxieduca.com.br\/blog\/william-douglas\/turbante\/","og_locale":"pt_BR","og_type":"article","og_title":"Turbante para todos","og_description":"Recentemente, critiquei quem negou a uma jovem branca o direito de usar turbante. Sustentei que o mesmo n\u00e3o \u00e9 propriedade de nenhuma cultura ou pa\u00eds em especial e que ningu\u00e9m tem o direito de impedir outra pessoa de usar a roupa que deseja","og_url":"https:\/\/www.maxieduca.com.br\/blog\/william-douglas\/turbante\/","og_site_name":"Blog Maxi Educa","article_published_time":"2017-06-17T12:38:57+00:00","article_modified_time":"2019-04-22T18:26:41+00:00","og_image":[{"width":851,"height":1280,"url":"https:\/\/www.maxieduca.com.br\/blog\/wp-content\/uploads\/2017\/06\/William-Douglas.jpg","type":"image\/jpeg"}],"author":"William Douglas","twitter_card":"summary_large_image","twitter_misc":{"Written by":"William Douglas","Est. reading time":"4 minutos"},"schema":{"@context":"https:\/\/schema.org","@graph":[{"@type":"Article","@id":"https:\/\/www.maxieduca.com.br\/blog\/william-douglas\/turbante\/#article","isPartOf":{"@id":"https:\/\/www.maxieduca.com.br\/blog\/william-douglas\/turbante\/"},"author":{"name":"William Douglas","@id":"https:\/\/www.maxieduca.com.br\/blog\/#\/schema\/person\/e4917cddf1be9861c74d0a11d64039bf"},"headline":"Turbante para todos &#8211; por William Douglas | juiz federal","datePublished":"2017-06-17T12:38:57+00:00","dateModified":"2019-04-22T18:26:41+00:00","mainEntityOfPage":{"@id":"https:\/\/www.maxieduca.com.br\/blog\/william-douglas\/turbante\/"},"wordCount":875,"commentCount":0,"publisher":{"@id":"https:\/\/www.maxieduca.com.br\/blog\/#organization"},"articleSection":["William Douglas"],"inLanguage":"pt-BR","potentialAction":[{"@type":"CommentAction","name":"Comment","target":["https:\/\/www.maxieduca.com.br\/blog\/william-douglas\/turbante\/#respond"]}]},{"@type":"WebPage","@id":"https:\/\/www.maxieduca.com.br\/blog\/william-douglas\/turbante\/","url":"https:\/\/www.maxieduca.com.br\/blog\/william-douglas\/turbante\/","name":"Turbante para todos","isPartOf":{"@id":"https:\/\/www.maxieduca.com.br\/blog\/#website"},"datePublished":"2017-06-17T12:38:57+00:00","dateModified":"2019-04-22T18:26:41+00:00","description":"Recentemente, critiquei quem negou a uma jovem branca o direito de usar turbante. Sustentei que o mesmo n\u00e3o \u00e9 propriedade de nenhuma cultura ou pa\u00eds em especial e que ningu\u00e9m tem o direito de impedir outra pessoa de usar a roupa que deseja","breadcrumb":{"@id":"https:\/\/www.maxieduca.com.br\/blog\/william-douglas\/turbante\/#breadcrumb"},"inLanguage":"pt-BR","potentialAction":[{"@type":"ReadAction","target":["https:\/\/www.maxieduca.com.br\/blog\/william-douglas\/turbante\/"]}]},{"@type":"BreadcrumbList","@id":"https:\/\/www.maxieduca.com.br\/blog\/william-douglas\/turbante\/#breadcrumb","itemListElement":[{"@type":"ListItem","position":1,"name":"In\u00edcio","item":"https:\/\/www.maxieduca.com.br\/blog\/"},{"@type":"ListItem","position":2,"name":"Turbante para todos &#8211; por William Douglas | juiz federal"}]},{"@type":"WebSite","@id":"https:\/\/www.maxieduca.com.br\/blog\/#website","url":"https:\/\/www.maxieduca.com.br\/blog\/","name":"Blog Maxi Educa","description":"Dicas de concursos, apostilas e vestibulares","publisher":{"@id":"https:\/\/www.maxieduca.com.br\/blog\/#organization"},"potentialAction":[{"@type":"SearchAction","target":{"@type":"EntryPoint","urlTemplate":"https:\/\/www.maxieduca.com.br\/blog\/?s={search_term_string}"},"query-input":"required name=search_term_string"}],"inLanguage":"pt-BR"},{"@type":"Organization","@id":"https:\/\/www.maxieduca.com.br\/blog\/#organization","name":"Maxi Educa - Instituto maximize educa\u00e7\u00e3o","url":"https:\/\/www.maxieduca.com.br\/blog\/","logo":{"@type":"ImageObject","inLanguage":"pt-BR","@id":"https:\/\/www.maxieduca.com.br\/blog\/#\/schema\/logo\/image\/","url":"https:\/\/blog.maxieduca.com.br\/wp-content\/uploads\/2016\/11\/logo-colorida.png","contentUrl":"https:\/\/blog.maxieduca.com.br\/wp-content\/uploads\/2016\/11\/logo-colorida.png","width":228,"height":115,"caption":"Maxi Educa - Instituto maximize educa\u00e7\u00e3o"},"image":{"@id":"https:\/\/www.maxieduca.com.br\/blog\/#\/schema\/logo\/image\/"}},{"@type":"Person","@id":"https:\/\/www.maxieduca.com.br\/blog\/#\/schema\/person\/e4917cddf1be9861c74d0a11d64039bf","name":"William Douglas","image":{"@type":"ImageObject","inLanguage":"pt-BR","@id":"https:\/\/www.maxieduca.com.br\/blog\/#\/schema\/person\/image\/","url":"https:\/\/secure.gravatar.com\/avatar\/8dedfd31d17ee2bb653da55a3f36dee1?s=96&d=mm&r=g","contentUrl":"https:\/\/secure.gravatar.com\/avatar\/8dedfd31d17ee2bb653da55a3f36dee1?s=96&d=mm&r=g","caption":"William Douglas"},"sameAs":["https:\/\/www.maxieduca.com.br\/tutores"],"url":"https:\/\/www.maxieduca.com.br\/blog\/author\/william\/"}]}},"_links":{"self":[{"href":"https:\/\/www.maxieduca.com.br\/blog\/wp-json\/wp\/v2\/posts\/5212"}],"collection":[{"href":"https:\/\/www.maxieduca.com.br\/blog\/wp-json\/wp\/v2\/posts"}],"about":[{"href":"https:\/\/www.maxieduca.com.br\/blog\/wp-json\/wp\/v2\/types\/post"}],"author":[{"embeddable":true,"href":"https:\/\/www.maxieduca.com.br\/blog\/wp-json\/wp\/v2\/users\/40"}],"replies":[{"embeddable":true,"href":"https:\/\/www.maxieduca.com.br\/blog\/wp-json\/wp\/v2\/comments?post=5212"}],"version-history":[{"count":2,"href":"https:\/\/www.maxieduca.com.br\/blog\/wp-json\/wp\/v2\/posts\/5212\/revisions"}],"predecessor-version":[{"id":5214,"href":"https:\/\/www.maxieduca.com.br\/blog\/wp-json\/wp\/v2\/posts\/5212\/revisions\/5214"}],"wp:featuredmedia":[{"embeddable":true,"href":"https:\/\/www.maxieduca.com.br\/blog\/wp-json\/wp\/v2\/media\/5215"}],"wp:attachment":[{"href":"https:\/\/www.maxieduca.com.br\/blog\/wp-json\/wp\/v2\/media?parent=5212"}],"wp:term":[{"taxonomy":"category","embeddable":true,"href":"https:\/\/www.maxieduca.com.br\/blog\/wp-json\/wp\/v2\/categories?post=5212"},{"taxonomy":"post_tag","embeddable":true,"href":"https:\/\/www.maxieduca.com.br\/blog\/wp-json\/wp\/v2\/tags?post=5212"}],"curies":[{"name":"wp","href":"https:\/\/api.w.org\/{rel}","templated":true}]}}