{"id":24658,"date":"2023-11-24T13:12:52","date_gmt":"2023-11-24T16:12:52","guid":{"rendered":"https:\/\/www.maxieduca.com.br\/blog\/?p=24658"},"modified":"2023-11-24T13:12:54","modified_gmt":"2023-11-24T16:12:54","slug":"concurso-cro-rr-edital-aberto-para-niveis-medio-superior","status":"publish","type":"post","link":"https:\/\/www.maxieduca.com.br\/blog\/noticias\/concurso-cro-rr-edital-aberto-para-niveis-medio-superior\/","title":{"rendered":"Concurso CRO RR: Edital oferta vagas para n\u00edveis m\u00e9dio e superior!"},"content":{"rendered":"\n<p>Est\u00e1 aberto o edital do concurso CRO RR (Conselho Regional de Odontologia de Roraima) com oferta de <strong>170 vagas <\/strong>de n\u00edvel m\u00e9dio e superior. Saiba como se inscrever!<\/p>\n\n\n\n<ul>\n<li><strong>Confira:<\/strong> <a href=\"https:\/\/www.maxieduca.com.br\/apostilas\/apostila-cro-rr-2023-tecnico-administrativo\">Apostila CRO RR &#8211; T\u00e9cnico Administrativo<\/a><\/li>\n<\/ul>\n\n\n\n<p><\/p>\n\n\n\n<h2 class=\"wp-block-heading\">Resumo do edital<\/h2>\n\n\n\n<p><\/p>\n\n\n\n<ul>\n<li>Vagas: 7 + 163 CR <\/li>\n\n\n\n<li>Cargo: Agente de Fiscaliza\u00e7\u00e3o, T\u00e9cnico Administrativo, Agente de Constru\u00e7\u00e3o e Analista de Neg\u00f3cios<\/li>\n\n\n\n<li>Escolaridade: N\u00edvel M\u00e9dio e Superior<\/li>\n\n\n\n<li>Banca: Instituto Quadrix<\/li>\n\n\n\n<li>Sal\u00e1rio: entre R$ 2.000,00 e R$ 3.000,00<\/li>\n\n\n\n<li>Per\u00edodo de inscri\u00e7\u00f5es: 14\/11\/2023 at\u00e9 14\/12\/2023<\/li>\n\n\n\n<li>Taxa: R$ 68,00 at\u00e9 R$ 75,00<\/li>\n\n\n\n<li>Prova: 14\/01\/2024<\/li>\n\n\n\n<li><a href=\"https:\/\/www.quadrix.org.br\/web\/visualizar.html?file=https:\/\/www.quadrix.org.br\/Archives\/General\/29488\/29861\/29863\/A2698CB5D536\/1_CRO-RR_concurso_publico_2023_edital_1_abertura.pdf\" target=\"_blank\" rel=\"noreferrer noopener\">Edital<\/a><\/li>\n<\/ul>\n\n\n\n<p><\/p>\n\n\n\n<h2 class=\"wp-block-heading\">Como se inscrever no concurso CRO RR?<\/h2>\n\n\n\n<p>Os interessados em uma das vagas devem realizar as inscri\u00e7\u00f5es no site da banca, o <a href=\"https:\/\/www.quadrix.org.br\/todos-os-concursos\/inscricoes-abertas\/crorr_2023.aspx\" target=\"_blank\" rel=\"noreferrer noopener\">Instituto Quadrix,<\/a> at\u00e9 o dia <strong>14 de dezembro de 2023.<\/strong><\/p>\n\n\n\n<p>Ap\u00f3s preencher o formul\u00e1rio com os dados solicitados, os candidatos dever\u00e3o efetuar o pagamento da <strong>taxa de inscri\u00e7\u00e3o<\/strong> para que a candidatura seja homologada.<\/p>\n\n\n\n<p>O valor da taxa varia de acordo com o n\u00edvel de escolaridade do cargo pretendido, sendo:<\/p>\n\n\n\n<ul>\n<li>N\u00edvel M\u00e9dio:\u00a0R$ 68,00<\/li>\n\n\n\n<li>N\u00edvel Superior:\u00a0R$ 75,00<\/li>\n<\/ul>\n\n\n\n<p><\/p>\n\n\n\n<h2 class=\"wp-block-heading\">Vagas, cargos e sal\u00e1rios<\/h2>\n\n\n\n<p>O concurso CRO RR visa o preenchimento de <strong>7 vagas imediatas<\/strong> e a forma\u00e7\u00e3o de um cadastro reserva com 163 oportunidades para as seguintes carreiras:<\/p>\n\n\n\n<ul>\n<li>N\u00edvel M\u00e9dio\n<ul>\n<li>Agente de Fiscaliza\u00e7\u00e3o: 2 + 43 CR<\/li>\n\n\n\n<li>T\u00e9cnico Administrativo: 3 + 52 CR \n<ul>\n<li>Sal\u00e1rio Inicial: R$ 2.000,00 + benef\u00edcios<\/li>\n<\/ul>\n<\/li>\n<\/ul>\n<\/li>\n<\/ul>\n\n\n\n<p><\/p>\n\n\n\n<ul>\n<li>N\u00edvel Superior\n<ul>\n<li>Agente de Constru\u00e7\u00e3o: 1 + 34 CR<\/li>\n\n\n\n<li>Analista de Neg\u00f3cios: 1 + 34 CR\n<ul>\n<li>Sal\u00e1rio Inicial: R$ 3.000,00 + benef\u00edcios<\/li>\n<\/ul>\n<\/li>\n<\/ul>\n<\/li>\n<\/ul>\n\n\n\n<p><\/p>\n\n\n\n<p>Al\u00e9m do sal\u00e1rio, os servidores receber\u00e3o os seguintes benef\u00edcios:<\/p>\n\n\n\n<ul>\n<li>Plano de Cargos e Sal\u00e1rios;<\/li>\n\n\n\n<li>Vale transporte, conforme legisla\u00e7\u00e3o vigente.<\/li>\n<\/ul>\n\n\n\n<p><\/p>\n\n\n\n<h2 class=\"wp-block-heading\">Requisitos <\/h2>\n\n\n\n<p>Para participar do concurso, \u00e9 necess\u00e1rio preencher os seguintes requisitos b\u00e1sicos:<\/p>\n\n\n\n<ul>\n<li>Ter a nacionalidade brasileira ou portuguesa e, no caso de nacionalidade portuguesa, estar amparado pelo Estatuto de Igualdade entre Brasileiros e Portugueses, com reconhecimento do gozo dos direitos pol\u00edticos, nos termos do \u00a7 1\u00ba do art. 12 da Constitui\u00e7\u00e3o Federal;<\/li>\n\n\n\n<li>Estar em gozo dos direitos pol\u00edticos;<\/li>\n\n\n\n<li>Estar quite com as obriga\u00e7\u00f5es militares, em caso de candidato do sexo masculino;<\/li>\n\n\n\n<li>Estar quite com as obriga\u00e7\u00f5es eleitorais;<\/li>\n\n\n\n<li>Possuir os requisitos exigidos para o exerc\u00edcio do cargo, conforme o Anexo II deste edital;<\/li>\n\n\n\n<li>Ter idade m\u00ednima de 18 anos completos na data da contrata\u00e7\u00e3o;<\/li>\n\n\n\n<li>Apresentar atestado de pr\u00e9via aprova\u00e7\u00e3o de aptid\u00e3o f\u00edsica e mental para o exerc\u00edcio das atribui\u00e7\u00f5es do cargo;<\/li>\n\n\n\n<li>Apresentar declara\u00e7\u00e3o de que n\u00e3o acumula cargo ou fun\u00e7\u00e3o p\u00fablica, ou proventos de inatividade, ressalvadas as possibilidades de acumula\u00e7\u00e3o l\u00edcita previstas no Inciso XVI do art. 37 da Constitui\u00e7\u00e3o Federal;<\/li>\n\n\n\n<li>Ter aptid\u00e3o f\u00edsica e mental para o exerc\u00edcio das atribui\u00e7\u00f5es correspondentes ao cargo;\u00a0e<\/li>\n\n\n\n<li>N\u00e3o estar cumprindo san\u00e7\u00e3o por inidoneidade, aplicada por qualquer \u00f3rg\u00e3o p\u00fablico ou entidade das esferas federal, estadual, municipal ou do Distrito Federal.<\/li>\n<\/ul>\n\n\n\n<p><\/p>\n\n\n\n<h2 class=\"wp-block-heading\"><\/h2>\n\n\n\n<p>Al\u00e9m das exig\u00eancias espec\u00edficas de cada cargo:<\/p>\n\n\n\n<ul>\n<li><strong>Agente de Fiscaliza\u00e7\u00e3o:<\/strong>\u00a0Diploma ou certificado, devidamente registrado, de conclus\u00e3o de curso de n\u00edvel m\u00e9dio, expedido por institui\u00e7\u00e3o de ensino reconhecida pelo Minist\u00e9rio da Educa\u00e7\u00e3o (MEC). Carteira Nacional de Habilita\u00e7\u00e3o Categoria \u201cAB\u201d, conforme arts. 143 e 147 do C\u00f3digo Nacional de Tr\u00e2nsito e Resolu\u00e7\u00f5es 168\/2004 e 285\/2008, do CONTRAN, com pontua\u00e7\u00e3o que permita, nos termos da legisla\u00e7\u00e3o de tr\u00e2nsito, o pleno exerc\u00edcio do direito de dirigir.<\/li>\n<\/ul>\n\n\n\n<p><\/p>\n\n\n\n<ul>\n<li><strong>T\u00e9cnico Administrativo:<\/strong>\u00a0Diploma ou certificado, devidamente registrado, de conclus\u00e3o de curso de n\u00edvel m\u00e9dio, expedido por institui\u00e7\u00e3o de ensino reconhecida pelo Minist\u00e9rio da Educa\u00e7\u00e3o (MEC).<\/li>\n<\/ul>\n\n\n\n<p><\/p>\n\n\n\n<ul>\n<li><strong>Agente de Contrata\u00e7\u00e3o:<\/strong>\u00a0Diploma ou certificado, devidamente registrado, de conclus\u00e3o de curso de gradua\u00e7\u00e3o de n\u00edvel superior em Administra\u00e7\u00e3o e \u00e1reas afins (Gest\u00e3o Financeira e Gest\u00e3o P\u00fablica), Ci\u00eancias Cont\u00e1beis, Economia ou Direito, fornecido por institui\u00e7\u00e3o de ensino reconhecida pelo Minist\u00e9rio da Educa\u00e7\u00e3o (MEC). Registro no respectivo Conselho de Classe. Possuir Carteira Nacional de Habilita\u00e7\u00e3o (CNH), no m\u00ednimo Categoria \u201cB\u201d, conforme arts. 143 e 147 do C\u00f3digo Nacional de Tr\u00e2nsito e Resolu\u00e7\u00f5es 168\/2004 e 285\/2008, do CONTRAN, com pontua\u00e7\u00e3o que permita, nos termos da legisla\u00e7\u00e3o de tr\u00e2nsito, o pleno exerc\u00edcio do direito de dirigir.<\/li>\n<\/ul>\n\n\n\n<p><\/p>\n\n\n\n<ul>\n<li><strong>Analista de Neg\u00f3cios:<\/strong>&nbsp;Diploma ou certificado, devidamente registrado, de conclus\u00e3o de curso de gradua\u00e7\u00e3o de n\u00edvel superior em Administra\u00e7\u00e3o e \u00e1reas afins (Gest\u00e3o Financeira e Gest\u00e3o P\u00fablica), Ci\u00eancias Cont\u00e1beis, Economia ou Direito, fornecido por institui\u00e7\u00e3o de ensino reconhecida pelo Minist\u00e9rio da Educa\u00e7\u00e3o (MEC). Registro no respectivo Conselho de Classe.<\/li>\n<\/ul>\n\n\n\n<p><\/p>\n\n\n\n<h2 class=\"wp-block-heading\">Quais as atribui\u00e7\u00f5es dos servidores?<\/h2>\n\n\n\n<p>Entre as atividades a serem exercidas pelos aprovados, est\u00e3o:<\/p>\n\n\n\n<p><strong>Agente de Fiscaliza\u00e7\u00e3o<\/strong><\/p>\n\n\n\n<ul>\n<li>Conduzir ve\u00edculos em inspe\u00e7\u00f5es de fiscaliza\u00e7\u00f5es e eventos do CRO-RR;<\/li>\n\n\n\n<li>Fazer viagens dentro da jurisdi\u00e7\u00e3o do CRO-RR para promover fiscaliza\u00e7\u00e3o de pessoas f\u00edsicas, jur\u00eddicas e estabelecimentos p\u00fablicos que prestam servi\u00e7os odontol\u00f3gicos;<\/li>\n\n\n\n<li>Prestar, por telefone e pessoalmente, informa\u00e7\u00f5es relacionadas com as atividades da entidade;<\/li>\n\n\n\n<li>Confeccionar e redigir relat\u00f3rios;<\/li>\n\n\n\n<li>Acompanhar autoridades, inclusive a pol\u00edcia, em fiscaliza\u00e7\u00f5es em exerc\u00edcio da odontologia.<\/li>\n<\/ul>\n\n\n\n<p><\/p>\n\n\n\n<p><strong>T\u00e9cnico Administrativo<\/strong><\/p>\n\n\n\n<ul>\n<li>Receber, registrar, numerar, distribuir, expedir e guardar correspond\u00eancias e documentos;<\/li>\n\n\n\n<li>Atender ao p\u00fablico para requerimentos de inscri\u00e7\u00f5es, cancelamentos e pedido afins;<\/li>\n\n\n\n<li>Imprimir dados nas c\u00e9dulas de identidade profissional emitidas pelo CRORR;<\/li>\n\n\n\n<li>Prestar, por telefone e pessoalmente, informa\u00e7\u00f5es relacionadas com as atividades da entidade;<\/li>\n\n\n\n<li>Receber e transmitir recados.<\/li>\n<\/ul>\n\n\n\n<p><\/p>\n\n\n\n<p><strong>Agente de Contrata\u00e7\u00e3o<\/strong><\/p>\n\n\n\n<ul>\n<li>Realizar an\u00e1lises, orientar e acompanhar as atividades executadas na \u00e1rea de atua\u00e7\u00e3o e emitir parecer e relat\u00f3rios.<\/li>\n\n\n\n<li>Realizar as atividades descritas na Lei de Licita\u00e7\u00f5es e Contratos Administrativos, n.\u00ba 14.133\/21 que define o agente de contrata\u00e7\u00e3o como: pessoa designada pela autoridade competente, entre servidores efetivos ou empregados p\u00fablicos dos quadros permanentes da Administra\u00e7\u00e3o P\u00fablica, para tomar decis\u00f5es, acompanhar o tr\u00e2mite da licita\u00e7\u00e3o, dar impulso ao procedimento licitat\u00f3rio e executar quaisquer outras atividades necess\u00e1rias ao bom andamento do certame at\u00e9 a homologa\u00e7\u00e3o.<\/li>\n\n\n\n<li>Praticar todos os atos indispens\u00e1veis para atender os objetivos institucionais do CRO-RR, mantendo a higiene, a ordem, a \u00e9tica e a total efic\u00e1cia das metas institucionais e atividades correlatas.<\/li>\n<\/ul>\n\n\n\n<p><\/p>\n\n\n\n<p><strong>Analista de Neg\u00f3cios<\/strong><\/p>\n\n\n\n<ul>\n<li>Reunir documenta\u00e7\u00e3o e informa\u00e7\u00f5es necess\u00e1rias visando a elabora\u00e7\u00e3o, discuss\u00e3o e\/ou apresenta\u00e7\u00e3o de trabalhos e estudos;<\/li>\n\n\n\n<li>Controlar usu\u00e1rios no Sistema de Informa\u00e7\u00e3o;<\/li>\n\n\n\n<li>Examinar, conferir e controlar os processos de inscri\u00e7\u00e3o de profissionais\/entidades;<\/li>\n\n\n\n<li>Supervisionar, conferir e controlar a confec\u00e7\u00f5es c\u00e9dulas de identidade profissional emitidas pelo CRO-RR;<\/li>\n\n\n\n<li>Supervisionar e controlar os servi\u00e7os gerais do CRO-RR.<\/li>\n<\/ul>\n\n\n\n<p><\/p>\n\n\n\n<h2 class=\"wp-block-heading\">Como ser\u00e3o as provas do concurso CRO RR?<\/h2>\n\n\n\n<p>Os candidatos ser\u00e3o avaliados em <strong>duas etapas:<\/strong><\/p>\n\n\n\n<ul>\n<li>Prova Objetiva, para todos os cargos, de car\u00e1ter eliminat\u00f3rio e classificat\u00f3rio;<\/li>\n\n\n\n<li>Avalia\u00e7\u00e3o de T\u00edtulos, para os cargos de n\u00edvel superior, de car\u00e1ter classificat\u00f3rio.<\/li>\n<\/ul>\n\n\n\n<p><\/p>\n\n\n\n<p>A prova objetiva ser\u00e1 aplicada no dia <strong>14 de janeiro de 2024, <\/strong>na cidade de Boa Vista\/RR.<\/p>\n\n\n\n<p>Com dura\u00e7\u00e3o de 3h, ser\u00e1 composta de <strong>120 quest\u00f5es de julgamento<\/strong> do tipo &#8220;certo&#8221; ou &#8220;errado&#8221;, sendo:<\/p>\n\n\n\n<ul>\n<li>Conhecimentos B\u00e1sicos: 40 quest\u00f5es;<\/li>\n\n\n\n<li>Conhecimentos Complementares: 30 quest\u00f5es;<\/li>\n\n\n\n<li>Conhecimentos Espec\u00edficos: 50 quest\u00f5es.<\/li>\n<\/ul>\n\n\n\n<p><\/p>\n\n\n\n<p>Os melhores colocados ter\u00e3o seus<strong> t\u00edtulos e experi\u00eancias <\/strong>pontuados conforme a tabela:<\/p>\n\n\n\n<figure class=\"wp-block-image size-full\"><a href=\"https:\/\/www.maxieduca.com.br\/blog\/wp-content\/uploads\/2023\/11\/avaliacao-de-titulos.png\"><img decoding=\"async\" loading=\"lazy\" width=\"928\" height=\"281\" src=\"https:\/\/www.maxieduca.com.br\/blog\/wp-content\/uploads\/2023\/11\/avaliacao-de-titulos.png\" alt=\"\" class=\"wp-image-24659\" srcset=\"https:\/\/www.maxieduca.com.br\/blog\/wp-content\/uploads\/2023\/11\/avaliacao-de-titulos.png 928w, https:\/\/www.maxieduca.com.br\/blog\/wp-content\/uploads\/2023\/11\/avaliacao-de-titulos-300x91.png 300w, https:\/\/www.maxieduca.com.br\/blog\/wp-content\/uploads\/2023\/11\/avaliacao-de-titulos-768x233.png 768w\" sizes=\"(max-width: 928px) 100vw, 928px\" \/><\/a><\/figure>\n\n\n\n<p><\/p>\n\n\n\n<p>O concurso ter\u00e1 <strong>prazo de validade de dois anos<\/strong>, a contar da data de homologa\u00e7\u00e3o do resultado final, podendo ser prorrogado, uma \u00fanica vez, por igual per\u00edodo.<\/p>\n","protected":false},"excerpt":{"rendered":"<p>Est\u00e1 aberto o edital do concurso CRO RR (Conselho Regional [&hellip;]<\/p>\n","protected":false},"author":73,"featured_media":24660,"comment_status":"open","ping_status":"open","sticky":false,"template":"","format":"standard","meta":[],"categories":[214],"tags":[],"acf":[],"yoast_head":"<!-- This site is optimized with the Yoast SEO plugin v20.7 - https:\/\/yoast.com\/wordpress\/plugins\/seo\/ -->\n<title>Concurso CRO RR: Edital aberto para n\u00edveis m\u00e9dio e superior!<\/title>\n<meta name=\"description\" content=\"Est\u00e1 aberto o edital do concurso CRO RR com oferta de 170 vagas de n\u00edvel m\u00e9dio e superior. Saiba como se inscrever!\" \/>\n<meta name=\"robots\" content=\"index, follow, max-snippet:-1, max-image-preview:large, max-video-preview:-1\" \/>\n<link rel=\"canonical\" href=\"https:\/\/www.maxieduca.com.br\/blog\/noticias\/concurso-cro-rr-edital-aberto-para-niveis-medio-superior\/\" \/>\n<meta property=\"og:locale\" content=\"pt_BR\" \/>\n<meta property=\"og:type\" content=\"article\" \/>\n<meta property=\"og:title\" content=\"Concurso CRO RR: Edital aberto para n\u00edveis m\u00e9dio e superior!\" \/>\n<meta property=\"og:description\" content=\"Est\u00e1 aberto o edital do concurso CRO RR com oferta de 170 vagas de n\u00edvel m\u00e9dio e superior. Saiba como se inscrever!\" \/>\n<meta property=\"og:url\" content=\"https:\/\/www.maxieduca.com.br\/blog\/noticias\/concurso-cro-rr-edital-aberto-para-niveis-medio-superior\/\" \/>\n<meta property=\"og:site_name\" content=\"Blog Maxi Educa\" \/>\n<meta property=\"article:published_time\" content=\"2023-11-24T16:12:52+00:00\" \/>\n<meta property=\"article:modified_time\" content=\"2023-11-24T16:12:54+00:00\" \/>\n<meta property=\"og:image\" content=\"https:\/\/www.maxieduca.com.br\/blog\/wp-content\/uploads\/2023\/11\/menina-linda-no-dentista-sorrindo-scaled.jpg\" \/>\n\t<meta property=\"og:image:width\" content=\"2560\" \/>\n\t<meta property=\"og:image:height\" content=\"1707\" \/>\n\t<meta property=\"og:image:type\" content=\"image\/jpeg\" \/>\n<meta name=\"author\" content=\"Ana Luisa Marques\" \/>\n<meta name=\"twitter:card\" content=\"summary_large_image\" \/>\n<meta name=\"twitter:label1\" content=\"Written by\" \/>\n\t<meta name=\"twitter:data1\" content=\"Ana Luisa Marques\" \/>\n\t<meta name=\"twitter:label2\" content=\"Est. reading time\" \/>\n\t<meta name=\"twitter:data2\" content=\"7 minutos\" \/>\n<script type=\"application\/ld+json\" class=\"yoast-schema-graph\">{\"@context\":\"https:\/\/schema.org\",\"@graph\":[{\"@type\":\"Article\",\"@id\":\"https:\/\/www.maxieduca.com.br\/blog\/noticias\/concurso-cro-rr-edital-aberto-para-niveis-medio-superior\/#article\",\"isPartOf\":{\"@id\":\"https:\/\/www.maxieduca.com.br\/blog\/noticias\/concurso-cro-rr-edital-aberto-para-niveis-medio-superior\/\"},\"author\":{\"name\":\"Ana Luisa Marques\",\"@id\":\"https:\/\/www.maxieduca.com.br\/blog\/#\/schema\/person\/8fa330df679142b3ee376c639f23fdcf\"},\"headline\":\"Concurso CRO RR: Edital oferta vagas para n\u00edveis m\u00e9dio e superior!\",\"datePublished\":\"2023-11-24T16:12:52+00:00\",\"dateModified\":\"2023-11-24T16:12:54+00:00\",\"mainEntityOfPage\":{\"@id\":\"https:\/\/www.maxieduca.com.br\/blog\/noticias\/concurso-cro-rr-edital-aberto-para-niveis-medio-superior\/\"},\"wordCount\":1268,\"commentCount\":0,\"publisher\":{\"@id\":\"https:\/\/www.maxieduca.com.br\/blog\/#organization\"},\"articleSection\":[\"Not\u00edcias\"],\"inLanguage\":\"pt-BR\",\"potentialAction\":[{\"@type\":\"CommentAction\",\"name\":\"Comment\",\"target\":[\"https:\/\/www.maxieduca.com.br\/blog\/noticias\/concurso-cro-rr-edital-aberto-para-niveis-medio-superior\/#respond\"]}]},{\"@type\":\"WebPage\",\"@id\":\"https:\/\/www.maxieduca.com.br\/blog\/noticias\/concurso-cro-rr-edital-aberto-para-niveis-medio-superior\/\",\"url\":\"https:\/\/www.maxieduca.com.br\/blog\/noticias\/concurso-cro-rr-edital-aberto-para-niveis-medio-superior\/\",\"name\":\"Concurso CRO RR: Edital aberto para n\u00edveis m\u00e9dio e superior!\",\"isPartOf\":{\"@id\":\"https:\/\/www.maxieduca.com.br\/blog\/#website\"},\"datePublished\":\"2023-11-24T16:12:52+00:00\",\"dateModified\":\"2023-11-24T16:12:54+00:00\",\"description\":\"Est\u00e1 aberto o edital do concurso CRO RR com oferta de 170 vagas de n\u00edvel m\u00e9dio e superior. Saiba como se inscrever!\",\"breadcrumb\":{\"@id\":\"https:\/\/www.maxieduca.com.br\/blog\/noticias\/concurso-cro-rr-edital-aberto-para-niveis-medio-superior\/#breadcrumb\"},\"inLanguage\":\"pt-BR\",\"potentialAction\":[{\"@type\":\"ReadAction\",\"target\":[\"https:\/\/www.maxieduca.com.br\/blog\/noticias\/concurso-cro-rr-edital-aberto-para-niveis-medio-superior\/\"]}]},{\"@type\":\"BreadcrumbList\",\"@id\":\"https:\/\/www.maxieduca.com.br\/blog\/noticias\/concurso-cro-rr-edital-aberto-para-niveis-medio-superior\/#breadcrumb\",\"itemListElement\":[{\"@type\":\"ListItem\",\"position\":1,\"name\":\"In\u00edcio\",\"item\":\"https:\/\/www.maxieduca.com.br\/blog\/\"},{\"@type\":\"ListItem\",\"position\":2,\"name\":\"Concurso CRO RR: Edital oferta vagas para n\u00edveis m\u00e9dio e superior!\"}]},{\"@type\":\"WebSite\",\"@id\":\"https:\/\/www.maxieduca.com.br\/blog\/#website\",\"url\":\"https:\/\/www.maxieduca.com.br\/blog\/\",\"name\":\"Blog Maxi Educa\",\"description\":\"Dicas de concursos, apostilas e vestibulares\",\"publisher\":{\"@id\":\"https:\/\/www.maxieduca.com.br\/blog\/#organization\"},\"potentialAction\":[{\"@type\":\"SearchAction\",\"target\":{\"@type\":\"EntryPoint\",\"urlTemplate\":\"https:\/\/www.maxieduca.com.br\/blog\/?s={search_term_string}\"},\"query-input\":\"required name=search_term_string\"}],\"inLanguage\":\"pt-BR\"},{\"@type\":\"Organization\",\"@id\":\"https:\/\/www.maxieduca.com.br\/blog\/#organization\",\"name\":\"Maxi Educa - Instituto maximize educa\u00e7\u00e3o\",\"url\":\"https:\/\/www.maxieduca.com.br\/blog\/\",\"logo\":{\"@type\":\"ImageObject\",\"inLanguage\":\"pt-BR\",\"@id\":\"https:\/\/www.maxieduca.com.br\/blog\/#\/schema\/logo\/image\/\",\"url\":\"https:\/\/blog.maxieduca.com.br\/wp-content\/uploads\/2016\/11\/logo-colorida.png\",\"contentUrl\":\"https:\/\/blog.maxieduca.com.br\/wp-content\/uploads\/2016\/11\/logo-colorida.png\",\"width\":228,\"height\":115,\"caption\":\"Maxi Educa - Instituto maximize educa\u00e7\u00e3o\"},\"image\":{\"@id\":\"https:\/\/www.maxieduca.com.br\/blog\/#\/schema\/logo\/image\/\"}},{\"@type\":\"Person\",\"@id\":\"https:\/\/www.maxieduca.com.br\/blog\/#\/schema\/person\/8fa330df679142b3ee376c639f23fdcf\",\"name\":\"Ana Luisa Marques\",\"image\":{\"@type\":\"ImageObject\",\"inLanguage\":\"pt-BR\",\"@id\":\"https:\/\/www.maxieduca.com.br\/blog\/#\/schema\/person\/image\/\",\"url\":\"https:\/\/secure.gravatar.com\/avatar\/26ac13a50a6170bbca5fbf013be5aede?s=96&d=mm&r=g\",\"contentUrl\":\"https:\/\/secure.gravatar.com\/avatar\/26ac13a50a6170bbca5fbf013be5aede?s=96&d=mm&r=g\",\"caption\":\"Ana Luisa Marques\"},\"url\":\"https:\/\/www.maxieduca.com.br\/blog\/author\/ana-luisa\/\"}]}<\/script>\n<!-- \/ Yoast SEO plugin. -->","yoast_head_json":{"title":"Concurso CRO RR: Edital aberto para n\u00edveis m\u00e9dio e superior!","description":"Est\u00e1 aberto o edital do concurso CRO RR com oferta de 170 vagas de n\u00edvel m\u00e9dio e superior. Saiba como se inscrever!","robots":{"index":"index","follow":"follow","max-snippet":"max-snippet:-1","max-image-preview":"max-image-preview:large","max-video-preview":"max-video-preview:-1"},"canonical":"https:\/\/www.maxieduca.com.br\/blog\/noticias\/concurso-cro-rr-edital-aberto-para-niveis-medio-superior\/","og_locale":"pt_BR","og_type":"article","og_title":"Concurso CRO RR: Edital aberto para n\u00edveis m\u00e9dio e superior!","og_description":"Est\u00e1 aberto o edital do concurso CRO RR com oferta de 170 vagas de n\u00edvel m\u00e9dio e superior. Saiba como se inscrever!","og_url":"https:\/\/www.maxieduca.com.br\/blog\/noticias\/concurso-cro-rr-edital-aberto-para-niveis-medio-superior\/","og_site_name":"Blog Maxi Educa","article_published_time":"2023-11-24T16:12:52+00:00","article_modified_time":"2023-11-24T16:12:54+00:00","og_image":[{"width":2560,"height":1707,"url":"https:\/\/www.maxieduca.com.br\/blog\/wp-content\/uploads\/2023\/11\/menina-linda-no-dentista-sorrindo-scaled.jpg","type":"image\/jpeg"}],"author":"Ana Luisa Marques","twitter_card":"summary_large_image","twitter_misc":{"Written by":"Ana Luisa Marques","Est. reading time":"7 minutos"},"schema":{"@context":"https:\/\/schema.org","@graph":[{"@type":"Article","@id":"https:\/\/www.maxieduca.com.br\/blog\/noticias\/concurso-cro-rr-edital-aberto-para-niveis-medio-superior\/#article","isPartOf":{"@id":"https:\/\/www.maxieduca.com.br\/blog\/noticias\/concurso-cro-rr-edital-aberto-para-niveis-medio-superior\/"},"author":{"name":"Ana Luisa Marques","@id":"https:\/\/www.maxieduca.com.br\/blog\/#\/schema\/person\/8fa330df679142b3ee376c639f23fdcf"},"headline":"Concurso CRO RR: Edital oferta vagas para n\u00edveis m\u00e9dio e superior!","datePublished":"2023-11-24T16:12:52+00:00","dateModified":"2023-11-24T16:12:54+00:00","mainEntityOfPage":{"@id":"https:\/\/www.maxieduca.com.br\/blog\/noticias\/concurso-cro-rr-edital-aberto-para-niveis-medio-superior\/"},"wordCount":1268,"commentCount":0,"publisher":{"@id":"https:\/\/www.maxieduca.com.br\/blog\/#organization"},"articleSection":["Not\u00edcias"],"inLanguage":"pt-BR","potentialAction":[{"@type":"CommentAction","name":"Comment","target":["https:\/\/www.maxieduca.com.br\/blog\/noticias\/concurso-cro-rr-edital-aberto-para-niveis-medio-superior\/#respond"]}]},{"@type":"WebPage","@id":"https:\/\/www.maxieduca.com.br\/blog\/noticias\/concurso-cro-rr-edital-aberto-para-niveis-medio-superior\/","url":"https:\/\/www.maxieduca.com.br\/blog\/noticias\/concurso-cro-rr-edital-aberto-para-niveis-medio-superior\/","name":"Concurso CRO RR: Edital aberto para n\u00edveis m\u00e9dio e superior!","isPartOf":{"@id":"https:\/\/www.maxieduca.com.br\/blog\/#website"},"datePublished":"2023-11-24T16:12:52+00:00","dateModified":"2023-11-24T16:12:54+00:00","description":"Est\u00e1 aberto o edital do concurso CRO RR com oferta de 170 vagas de n\u00edvel m\u00e9dio e superior. Saiba como se inscrever!","breadcrumb":{"@id":"https:\/\/www.maxieduca.com.br\/blog\/noticias\/concurso-cro-rr-edital-aberto-para-niveis-medio-superior\/#breadcrumb"},"inLanguage":"pt-BR","potentialAction":[{"@type":"ReadAction","target":["https:\/\/www.maxieduca.com.br\/blog\/noticias\/concurso-cro-rr-edital-aberto-para-niveis-medio-superior\/"]}]},{"@type":"BreadcrumbList","@id":"https:\/\/www.maxieduca.com.br\/blog\/noticias\/concurso-cro-rr-edital-aberto-para-niveis-medio-superior\/#breadcrumb","itemListElement":[{"@type":"ListItem","position":1,"name":"In\u00edcio","item":"https:\/\/www.maxieduca.com.br\/blog\/"},{"@type":"ListItem","position":2,"name":"Concurso CRO RR: Edital oferta vagas para n\u00edveis m\u00e9dio e superior!"}]},{"@type":"WebSite","@id":"https:\/\/www.maxieduca.com.br\/blog\/#website","url":"https:\/\/www.maxieduca.com.br\/blog\/","name":"Blog Maxi Educa","description":"Dicas de concursos, apostilas e vestibulares","publisher":{"@id":"https:\/\/www.maxieduca.com.br\/blog\/#organization"},"potentialAction":[{"@type":"SearchAction","target":{"@type":"EntryPoint","urlTemplate":"https:\/\/www.maxieduca.com.br\/blog\/?s={search_term_string}"},"query-input":"required name=search_term_string"}],"inLanguage":"pt-BR"},{"@type":"Organization","@id":"https:\/\/www.maxieduca.com.br\/blog\/#organization","name":"Maxi Educa - Instituto maximize educa\u00e7\u00e3o","url":"https:\/\/www.maxieduca.com.br\/blog\/","logo":{"@type":"ImageObject","inLanguage":"pt-BR","@id":"https:\/\/www.maxieduca.com.br\/blog\/#\/schema\/logo\/image\/","url":"https:\/\/blog.maxieduca.com.br\/wp-content\/uploads\/2016\/11\/logo-colorida.png","contentUrl":"https:\/\/blog.maxieduca.com.br\/wp-content\/uploads\/2016\/11\/logo-colorida.png","width":228,"height":115,"caption":"Maxi Educa - Instituto maximize educa\u00e7\u00e3o"},"image":{"@id":"https:\/\/www.maxieduca.com.br\/blog\/#\/schema\/logo\/image\/"}},{"@type":"Person","@id":"https:\/\/www.maxieduca.com.br\/blog\/#\/schema\/person\/8fa330df679142b3ee376c639f23fdcf","name":"Ana Luisa Marques","image":{"@type":"ImageObject","inLanguage":"pt-BR","@id":"https:\/\/www.maxieduca.com.br\/blog\/#\/schema\/person\/image\/","url":"https:\/\/secure.gravatar.com\/avatar\/26ac13a50a6170bbca5fbf013be5aede?s=96&d=mm&r=g","contentUrl":"https:\/\/secure.gravatar.com\/avatar\/26ac13a50a6170bbca5fbf013be5aede?s=96&d=mm&r=g","caption":"Ana Luisa Marques"},"url":"https:\/\/www.maxieduca.com.br\/blog\/author\/ana-luisa\/"}]}},"_links":{"self":[{"href":"https:\/\/www.maxieduca.com.br\/blog\/wp-json\/wp\/v2\/posts\/24658"}],"collection":[{"href":"https:\/\/www.maxieduca.com.br\/blog\/wp-json\/wp\/v2\/posts"}],"about":[{"href":"https:\/\/www.maxieduca.com.br\/blog\/wp-json\/wp\/v2\/types\/post"}],"author":[{"embeddable":true,"href":"https:\/\/www.maxieduca.com.br\/blog\/wp-json\/wp\/v2\/users\/73"}],"replies":[{"embeddable":true,"href":"https:\/\/www.maxieduca.com.br\/blog\/wp-json\/wp\/v2\/comments?post=24658"}],"version-history":[{"count":4,"href":"https:\/\/www.maxieduca.com.br\/blog\/wp-json\/wp\/v2\/posts\/24658\/revisions"}],"predecessor-version":[{"id":24664,"href":"https:\/\/www.maxieduca.com.br\/blog\/wp-json\/wp\/v2\/posts\/24658\/revisions\/24664"}],"wp:featuredmedia":[{"embeddable":true,"href":"https:\/\/www.maxieduca.com.br\/blog\/wp-json\/wp\/v2\/media\/24660"}],"wp:attachment":[{"href":"https:\/\/www.maxieduca.com.br\/blog\/wp-json\/wp\/v2\/media?parent=24658"}],"wp:term":[{"taxonomy":"category","embeddable":true,"href":"https:\/\/www.maxieduca.com.br\/blog\/wp-json\/wp\/v2\/categories?post=24658"},{"taxonomy":"post_tag","embeddable":true,"href":"https:\/\/www.maxieduca.com.br\/blog\/wp-json\/wp\/v2\/tags?post=24658"}],"curies":[{"name":"wp","href":"https:\/\/api.w.org\/{rel}","templated":true}]}}