{"id":24637,"date":"2023-11-22T10:47:36","date_gmt":"2023-11-22T13:47:36","guid":{"rendered":"https:\/\/www.maxieduca.com.br\/blog\/?p=24637"},"modified":"2023-11-22T10:47:37","modified_gmt":"2023-11-22T13:47:37","slug":"processo-seletivo-prefeitura-de-tremembe-oferta-471-vagas","status":"publish","type":"post","link":"https:\/\/www.maxieduca.com.br\/blog\/noticias\/processo-seletivo-prefeitura-de-tremembe-oferta-471-vagas\/","title":{"rendered":"Processo Seletivo Prefeitura de Trememb\u00e9 oferta 471 vagas para \u00e1rea da educa\u00e7\u00e3o!"},"content":{"rendered":"\n<p>Saiu o edital do Processo Seletivo Prefeitura de Trememb\u00e9 com oferta de <strong>471 vagas<\/strong> para \u00e1rea da educa\u00e7\u00e3o.<\/p>\n\n\n\n<p>As inscri\u00e7\u00f5es est\u00e3o abertas desde o dia 17 de novembro. Se voc\u00ea tem interesse em uma das vagas, corre pra n\u00e3o perder o prazo! <\/p>\n\n\n\n<p><\/p>\n\n\n\n<ul>\n<li><strong>Confira:<\/strong> <a href=\"https:\/\/www.maxieduca.com.br\/apostilas\/apostila-prefeitura-de-tremembe-sp-2023-secretario-de-escola\">Apostila Prefeitura de Trememb\u00e9 &#8211; SP Oficial de Escola<\/a><\/li>\n\n\n\n<li><strong>Confira: <\/strong><a href=\"https:\/\/www.maxieduca.com.br\/apostilas\/apostila-prefeitura-de-tremembe-sp-2023-secretario-de-escola\">Apostila Prefeitura de Trememb\u00e9 &#8211; SP Secret\u00e1rio de Escola<\/a><\/li>\n<\/ul>\n\n\n\n<p><\/p>\n\n\n\n<h2 class=\"wp-block-heading\">Resumo do edital<\/h2>\n\n\n\n<p><\/p>\n\n\n\n<ul>\n<li>Vagas: 471<\/li>\n\n\n\n<li>Cargo: Diversos<\/li>\n\n\n\n<li>Escolaridade: N\u00edvel Fundamental, M\u00e9dio e Superior<\/li>\n\n\n\n<li>Banca: Instituto Nosso Rumo<\/li>\n\n\n\n<li>Sal\u00e1rio: entre R$ 1.413,16 e R$ 4.804,44<\/li>\n\n\n\n<li>Per\u00edodo de inscri\u00e7\u00f5es: 17\/11\/2023 at\u00e9 30\/11\/2023<\/li>\n\n\n\n<li>Taxa: R$ 35,00 at\u00e9 R$ 49,00<\/li>\n\n\n\n<li>Prova: 17\/12\/2023<\/li>\n\n\n\n<li><a href=\"https:\/\/www.maxieduca.com.br\/blog\/wp-content\/uploads\/2023\/11\/Edital-de-Abertura-Retificado-na-integra.pdf\" target=\"_blank\" rel=\"noreferrer noopener\">Edital<\/a><\/li>\n<\/ul>\n\n\n\n<p><\/p>\n\n\n\n<h2 class=\"wp-block-heading\">Como realizar a inscri\u00e7\u00e3o no Processo Seletivo Prefeitura de Trememb\u00e9?<\/h2>\n\n\n\n<p>Os interessados em uma das vagas devem realizar as inscri\u00e7\u00f5es no site da banca, o <a href=\"https:\/\/www.nossorumo.org.br\/View\/Concurso\/?id=453#home\" target=\"_blank\" rel=\"noreferrer noopener\">Instituto Nosso Rumo,<\/a> at\u00e9 o dia <strong>30 de novembro de 2023.<\/strong><\/p>\n\n\n\n<p>Ap\u00f3s preencher o formul\u00e1rio com os dados solicitados, o candidato dever\u00e1 efetuar o pagamento da <strong>taxa de inscri\u00e7\u00e3o<\/strong> para que a candidatura seja homologada.<\/p>\n\n\n\n<p>O valor da taxa varia de acordo com o n\u00edvel de escolaridade do cargo pretendido:<\/p>\n\n\n\n<ul>\n<li>Fundamental:&nbsp;R$ 35,00<\/li>\n\n\n\n<li>M\u00e9dio:&nbsp;R$ 44,00<\/li>\n\n\n\n<li>Superior:&nbsp;R$ 49,00<\/li>\n<\/ul>\n\n\n\n<p><\/p>\n\n\n\n<h2 class=\"wp-block-heading\">Vagas, cargos e sal\u00e1rios<\/h2>\n\n\n\n<p>O Processo Seletivo Prefeitura de Trememb\u00e9 oferta <strong>471 vagas<\/strong> para todos os n\u00edveis de escolaridade em diversas especialidades da \u00e1rea da Educa\u00e7\u00e3o.<\/p>\n\n\n\n<p>Confira a distribui\u00e7\u00e3o de vagas e sal\u00e1rios:<\/p>\n\n\n\n<p><strong>Fundamental<\/strong><\/p>\n\n\n\n<ul>\n<li><a href=\"https:\/\/www.maxieduca.com.br\/apostilas\/apostila-prefeitura-de-tremembe-sp-2023-auxiliar-de-desenvolvimento-infantil\">Auxiliar de Desenvolvimento Infantil\u00a0(147)<\/a><\/li>\n\n\n\n<li><a href=\"https:\/\/www.maxieduca.com.br\/apostilas\/apostila-prefeitura-de-tremembe-sp-2023-inspetor-de-alunos\">Inspetor de Alunos (42)<\/a><\/li>\n\n\n\n<li><a href=\"https:\/\/www.maxieduca.com.br\/apostilas\/apostila-prefeitura-de-tremembe-sp-2023--merendeiro\">Merendeiro (42)<\/a>\n<ul>\n<li>R$ 1.413,16<\/li>\n<\/ul>\n<\/li>\n<\/ul>\n\n\n\n<p><\/p>\n\n\n\n<p><strong>M\u00e9dio<\/strong><\/p>\n\n\n\n<ul>\n<li>Oficial de Escola&nbsp;(CR)\n<ul>\n<li>R$ 2.530,86<\/li>\n<\/ul>\n<\/li>\n\n\n\n<li>Secret\u00e1rio de Escola (CR)\n<ul>\n<li>R$ 4.275,97<\/li>\n<\/ul>\n<\/li>\n<\/ul>\n\n\n\n<p><\/p>\n\n\n\n<p><strong>Superior<\/strong><\/p>\n\n\n\n<ul>\n<li>Int\u00e9rprete de Libras (03)\n<ul>\n<li>R$ 3.386,87<\/li>\n<\/ul>\n<\/li>\n\n\n\n<li><a href=\"https:\/\/www.maxieduca.com.br\/apostilas\/apostila-prefeitura-de-tremembe-sp-2023-professor-de-educacao-basica-i\">Professor de Educa\u00e7\u00e3o B\u00e1sica I\u00a0(74)<\/a>\n<ul>\n<li>R$ 3.386,87<\/li>\n<\/ul>\n<\/li>\n\n\n\n<li>Professor de Educa\u00e7\u00e3o B\u00e1sica I \u2013 Educa\u00e7\u00e3o Especial (05)\n<ul>\n<li>R$ 3.386,87<\/li>\n<\/ul>\n<\/li>\n\n\n\n<li>Professor de Educa\u00e7\u00e3o B\u00e1sica II \u2013 Ensino Fundamental \u2013 R$ 3.386,87\n<ul>\n<li>Artes (11)<\/li>\n\n\n\n<li>Educa\u00e7\u00e3o F\u00edsica (21)<\/li>\n\n\n\n<li>Ingl\u00eas (11)<\/li>\n<\/ul>\n<\/li>\n\n\n\n<li>Professor de Educa\u00e7\u00e3o B\u00e1sica II \u2013 Ensino Fundamental (6\u00ba ao 9\u00ba ano) \u2013 R$ 3.386,8\n<ul>\n<li>Ci\u00eancias (10)<\/li>\n\n\n\n<li>Geografia (09)<\/li>\n\n\n\n<li>Hist\u00f3ria (11)<\/li>\n\n\n\n<li>L\u00edngua Portuguesa (32)<\/li>\n\n\n\n<li>Matem\u00e1tica (21)<\/li>\n<\/ul>\n<\/li>\n\n\n\n<li>Professor I \u2013 Educa\u00e7\u00e3o Integral (32)\n<ul>\n<li>R$ 4.804,44<\/li>\n<\/ul>\n<\/li>\n<\/ul>\n\n\n\n<p><\/p>\n\n\n\n<h2 class=\"wp-block-heading\">Quais os requisitos para participar do Processo Seletivo?<\/h2>\n\n\n\n<p>Para participar do Processo Seletivo, \u00e9 necess\u00e1rio:<\/p>\n\n\n\n<ul>\n<li>Ter nacionalidade brasileira ou portuguesa e, em caso de nacionalidade portuguesa, estar amparado pelo Estatuto da Igualdade entre Brasileiros e Portugueses, com reconhecimento de gozo de direitos pol\u00edticos, nos termos do par\u00e1grafo 1\u00ba, inciso II do artigo 12, da Constitui\u00e7\u00e3o Federal e do Decreto Federal n\u00ba 70.436\/72;<\/li>\n\n\n\n<li>Ter, na data da nomea\u00e7\u00e3o, idade igual ou superior a 18 anos;<\/li>\n\n\n\n<li>No caso do sexo masculino, estar em dia com o Servi\u00e7o Militar;<\/li>\n\n\n\n<li>Ser eleitor e estar quite com a Justi\u00e7a Eleitoral;<\/li>\n\n\n\n<li>Possuir documenta\u00e7\u00e3o comprobat\u00f3ria, no ato da contrata\u00e7\u00e3o, dos requisitos m\u00ednimos exigidos para a fun\u00e7\u00e3o, conforme especificado na Tabela I, do Cap\u00edtulo 1, e a documenta\u00e7\u00e3o comprobat\u00f3ria determinada no item 12.4. do Cap\u00edtulo 12, deste Edital;<\/li>\n\n\n\n<li>Ter aptid\u00e3o f\u00edsica e mental e n\u00e3o ser pessoa com defici\u00eancia incompat\u00edvel com o exerc\u00edcio das atribui\u00e7\u00f5es da fun\u00e7\u00e3o, comprovada em inspe\u00e7\u00e3o realizada pelo M\u00e9dico do Trabalho indicado pela Prefeitura Municipal da est\u00e2ncia tur\u00edstica de Trememb\u00e9-SP;<\/li>\n\n\n\n<li>N\u00e3o registrar antecedentes criminais, que impliquem perda ou \u00f3bice para assumir fun\u00e7\u00e3o ou emprego p\u00fablico, oriundos de senten\u00e7a transitada em julgado ou demonstrar o cumprimento integral das penas que tenham sido cominadas;<\/li>\n\n\n\n<li>N\u00e3o se encontrar acumulando cargo, emprego ou fun\u00e7\u00e3o p\u00fablica em desconformidade com as hip\u00f3teses de acumula\u00e7\u00e3o l\u00edcitas previstas em Lei e na Constitui\u00e7\u00e3o Federal;<\/li>\n\n\n\n<li>N\u00e3o receber, nos termos do Artigo 37, \u00a710, da Constitui\u00e7\u00e3o Federal, proventos de aposentadoria decorrentes do Artigo 40 ou dos Artigos 42 e 142 da Constitui\u00e7\u00e3o Federal, ressalvados as Fun\u00e7\u00f5es\/Empregos acumul\u00e1veis na forma da referida Constitui\u00e7\u00e3o.<\/li>\n<\/ul>\n\n\n\n<p><\/p>\n\n\n\n<h2 class=\"wp-block-heading\">Como ser\u00e3o as provas do Processo Seletivo Prefeitura de Trememb\u00e9?<\/h2>\n\n\n\n<p>Os candidatos ser\u00e3o avaliados em<strong> tr\u00eas etapas:<\/strong><\/p>\n\n\n\n<ul>\n<li>Prova Objetiva, para todos os cargos, de car\u00e1ter&nbsp;classificat\u00f3rio&nbsp;e&nbsp;eliminat\u00f3rio;<\/li>\n\n\n\n<li>Prova Pr\u00e1tica, para o cargo de Int\u00e9rprete de libras, de car\u00e1ter&nbsp;classificat\u00f3rio&nbsp;e&nbsp;eliminat\u00f3rio;<\/li>\n\n\n\n<li>Avalia\u00e7\u00e3o de T\u00edtulos, para todos os cargos de n\u00edvel superior, exceto para Int\u00e9rprete de Libras, de car\u00e1ter&nbsp;classificat\u00f3rio.<\/li>\n<\/ul>\n\n\n\n<p><\/p>\n\n\n\n<p>A prova objetiva ser\u00e1 aplicada no dia <strong>17 de dezembro de 2023 <\/strong>e ter\u00e1 3h de dura\u00e7\u00e3o.<\/p>\n\n\n\n<p>Na ocasi\u00e3o, os candidatos dever\u00e3o responder<strong> quest\u00f5es de m\u00faltipla escolha, <\/strong>sobre as disciplinas de:<\/p>\n\n\n\n<p><strong>Fundamental \u2013 30 quest\u00f5es<\/strong><\/p>\n\n\n\n<ul>\n<li>L\u00edngua Portuguesa (10)<\/li>\n\n\n\n<li>Matem\u00e1tica (05)<\/li>\n\n\n\n<li>Conhecimentos Espec\u00edficos (15)<\/li>\n<\/ul>\n\n\n\n<p><\/p>\n\n\n\n<p><strong>M\u00e9dio \u2013 35 quest\u00f5es<\/strong><\/p>\n\n\n\n<ul>\n<li>L\u00edngua Portuguesa (10)<\/li>\n\n\n\n<li>Matem\u00e1tica (05)<\/li>\n\n\n\n<li>No\u00e7\u00f5es de Inform\u00e1tica (05)<\/li>\n\n\n\n<li>Conhecimentos Espec\u00edficos (15)<\/li>\n<\/ul>\n\n\n\n<p><\/p>\n\n\n\n<p><strong>Superior \u2013 35 quest\u00f5es<\/strong><\/p>\n\n\n\n<ul>\n<li>L\u00edngua Portuguesa (08)<\/li>\n\n\n\n<li>Matem\u00e1tica (05)<\/li>\n\n\n\n<li>Legisla\u00e7\u00e3o Educacional (07)<\/li>\n\n\n\n<li>Conhecimentos Espec\u00edficos (15)<\/li>\n<\/ul>\n\n\n\n<p><\/p>\n\n\n\n<p>A etapa ser\u00e1 avaliada em escala de 0 a 100 pontos e ser\u00e3o considerados aprovados aqueles que obtiverem, no m\u00ednimo, 50 pontos.<\/p>\n\n\n\n<p>Os melhores colocados ser\u00e3o convocados para a <strong>prova pr\u00e1tica,<\/strong> que consistir\u00e1 em tr\u00eas fases que ser\u00e3o realizadas individualmente, filmadas e gravadas em m\u00eddia, com dura\u00e7\u00e3o de 30 minutos, sendo:<\/p>\n\n\n\n<ul>\n<li><strong>1\u00aa fase:<\/strong>\n<ul>\n<li>Apresenta\u00e7\u00e3o pessoal, em LIBRAS, na qual o candidato dever\u00e1 identificar-se, falar sobre sua forma\u00e7\u00e3o, sobre sua atua\u00e7\u00e3o junto \u00e0 comunidade surda e sobre suas perspectivas de atua\u00e7\u00e3o profissional.<\/li>\n<\/ul>\n<\/li>\n<\/ul>\n\n\n\n<p><\/p>\n\n\n\n<ul>\n<li><strong>2\u00aa fase:<\/strong>\n<ul>\n<li>Inicialmente o candidato assistir\u00e1 um v\u00eddeo, gravado em LIBRAS. Em seguida, ele assistir\u00e1 novamente ao v\u00eddeo e far\u00e1 a tradu\u00e7\u00e3o simult\u00e2nea para a L\u00edngua Portuguesa, na modalidade oral. Em seguida, o candidato, assistir\u00e1 a um v\u00eddeo, gravado em L\u00edngua Portuguesa, na modalidade oral. Em seguida, ele assistir\u00e1 novamente ao v\u00eddeo e far\u00e1 a interpreta\u00e7\u00e3o simult\u00e2nea para a LIBRAS.<\/li>\n<\/ul>\n<\/li>\n<\/ul>\n\n\n\n<p><\/p>\n\n\n\n<ul>\n<li><strong>3\u00aa fase:<\/strong>\n<ul>\n<li>O candidato ir\u00e1 responder perguntas relacionadas \u00e0 postura \u00e9tica profissional elaboradas pela banca examinadora.<\/li>\n<\/ul>\n<\/li>\n<\/ul>\n\n\n\n<p><\/p>\n\n\n\n<h2 class=\"wp-block-heading\"><\/h2>\n\n\n\n<p>Por fim, os candidatos ter\u00e3o seus<strong> t\u00edtulos e experi\u00eancias <\/strong>pontuados conforme a seguinte tabela:<\/p>\n\n\n\n<figure class=\"wp-block-image size-full\"><a href=\"https:\/\/www.maxieduca.com.br\/blog\/wp-content\/uploads\/2023\/11\/prova-de-titulos.png\"><img decoding=\"async\" loading=\"lazy\" width=\"664\" height=\"169\" src=\"https:\/\/www.maxieduca.com.br\/blog\/wp-content\/uploads\/2023\/11\/prova-de-titulos.png\" alt=\"\" class=\"wp-image-24638\" srcset=\"https:\/\/www.maxieduca.com.br\/blog\/wp-content\/uploads\/2023\/11\/prova-de-titulos.png 664w, https:\/\/www.maxieduca.com.br\/blog\/wp-content\/uploads\/2023\/11\/prova-de-titulos-300x76.png 300w\" sizes=\"(max-width: 664px) 100vw, 664px\" \/><\/a><\/figure>\n\n\n\n<p><\/p>\n\n\n\n<p>O concurso ter\u00e1 prazo de validade de um ano, que poder\u00e1 ser prorrogado uma \u00fanica vez, por igual per\u00edodo, a crit\u00e9rio da Prefeitura de Trememb\u00e9.<\/p>\n","protected":false},"excerpt":{"rendered":"<p>Saiu o edital do Processo Seletivo Prefeitura de Trememb\u00e9 com [&hellip;]<\/p>\n","protected":false},"author":73,"featured_media":23708,"comment_status":"open","ping_status":"open","sticky":false,"template":"","format":"standard","meta":[],"categories":[214],"tags":[],"acf":[],"yoast_head":"<!-- This site is optimized with the Yoast SEO plugin v20.7 - https:\/\/yoast.com\/wordpress\/plugins\/seo\/ -->\n<title>Processo Seletivo Prefeitura de Trememb\u00e9 oferta 471 vagas!<\/title>\n<meta name=\"description\" content=\"Saiu o edital do Processo Seletivo Prefeitura de Trememb\u00e9 com oferta de 471 vagas para \u00e1rea da educa\u00e7\u00e3o. Confira como se inscrever!\" \/>\n<meta name=\"robots\" content=\"index, follow, max-snippet:-1, max-image-preview:large, max-video-preview:-1\" \/>\n<link rel=\"canonical\" href=\"https:\/\/www.maxieduca.com.br\/blog\/noticias\/processo-seletivo-prefeitura-de-tremembe-oferta-471-vagas\/\" \/>\n<meta property=\"og:locale\" content=\"pt_BR\" \/>\n<meta property=\"og:type\" content=\"article\" \/>\n<meta property=\"og:title\" content=\"Processo Seletivo Prefeitura de Trememb\u00e9 oferta 471 vagas!\" \/>\n<meta property=\"og:description\" content=\"Saiu o edital do Processo Seletivo Prefeitura de Trememb\u00e9 com oferta de 471 vagas para \u00e1rea da educa\u00e7\u00e3o. Confira como se inscrever!\" \/>\n<meta property=\"og:url\" content=\"https:\/\/www.maxieduca.com.br\/blog\/noticias\/processo-seletivo-prefeitura-de-tremembe-oferta-471-vagas\/\" \/>\n<meta property=\"og:site_name\" content=\"Blog Maxi Educa\" \/>\n<meta property=\"article:published_time\" content=\"2023-11-22T13:47:36+00:00\" \/>\n<meta property=\"article:modified_time\" content=\"2023-11-22T13:47:37+00:00\" \/>\n<meta property=\"og:image\" content=\"https:\/\/www.maxieduca.com.br\/blog\/wp-content\/uploads\/2023\/09\/classmates-friends-bag-school-education-scaled.jpg\" \/>\n\t<meta property=\"og:image:width\" content=\"2560\" \/>\n\t<meta property=\"og:image:height\" content=\"1329\" \/>\n\t<meta property=\"og:image:type\" content=\"image\/jpeg\" \/>\n<meta name=\"author\" content=\"Ana Luisa Marques\" \/>\n<meta name=\"twitter:card\" content=\"summary_large_image\" \/>\n<meta name=\"twitter:label1\" content=\"Written by\" \/>\n\t<meta name=\"twitter:data1\" content=\"Ana Luisa Marques\" \/>\n\t<meta name=\"twitter:label2\" content=\"Est. reading time\" \/>\n\t<meta name=\"twitter:data2\" content=\"6 minutos\" \/>\n<script type=\"application\/ld+json\" class=\"yoast-schema-graph\">{\"@context\":\"https:\/\/schema.org\",\"@graph\":[{\"@type\":\"Article\",\"@id\":\"https:\/\/www.maxieduca.com.br\/blog\/noticias\/processo-seletivo-prefeitura-de-tremembe-oferta-471-vagas\/#article\",\"isPartOf\":{\"@id\":\"https:\/\/www.maxieduca.com.br\/blog\/noticias\/processo-seletivo-prefeitura-de-tremembe-oferta-471-vagas\/\"},\"author\":{\"name\":\"Ana Luisa Marques\",\"@id\":\"https:\/\/www.maxieduca.com.br\/blog\/#\/schema\/person\/8fa330df679142b3ee376c639f23fdcf\"},\"headline\":\"Processo Seletivo Prefeitura de Trememb\u00e9 oferta 471 vagas para \u00e1rea da educa\u00e7\u00e3o!\",\"datePublished\":\"2023-11-22T13:47:36+00:00\",\"dateModified\":\"2023-11-22T13:47:37+00:00\",\"mainEntityOfPage\":{\"@id\":\"https:\/\/www.maxieduca.com.br\/blog\/noticias\/processo-seletivo-prefeitura-de-tremembe-oferta-471-vagas\/\"},\"wordCount\":999,\"commentCount\":0,\"publisher\":{\"@id\":\"https:\/\/www.maxieduca.com.br\/blog\/#organization\"},\"articleSection\":[\"Not\u00edcias\"],\"inLanguage\":\"pt-BR\",\"potentialAction\":[{\"@type\":\"CommentAction\",\"name\":\"Comment\",\"target\":[\"https:\/\/www.maxieduca.com.br\/blog\/noticias\/processo-seletivo-prefeitura-de-tremembe-oferta-471-vagas\/#respond\"]}]},{\"@type\":\"WebPage\",\"@id\":\"https:\/\/www.maxieduca.com.br\/blog\/noticias\/processo-seletivo-prefeitura-de-tremembe-oferta-471-vagas\/\",\"url\":\"https:\/\/www.maxieduca.com.br\/blog\/noticias\/processo-seletivo-prefeitura-de-tremembe-oferta-471-vagas\/\",\"name\":\"Processo Seletivo Prefeitura de Trememb\u00e9 oferta 471 vagas!\",\"isPartOf\":{\"@id\":\"https:\/\/www.maxieduca.com.br\/blog\/#website\"},\"datePublished\":\"2023-11-22T13:47:36+00:00\",\"dateModified\":\"2023-11-22T13:47:37+00:00\",\"description\":\"Saiu o edital do Processo Seletivo Prefeitura de Trememb\u00e9 com oferta de 471 vagas para \u00e1rea da educa\u00e7\u00e3o. Confira como se inscrever!\",\"breadcrumb\":{\"@id\":\"https:\/\/www.maxieduca.com.br\/blog\/noticias\/processo-seletivo-prefeitura-de-tremembe-oferta-471-vagas\/#breadcrumb\"},\"inLanguage\":\"pt-BR\",\"potentialAction\":[{\"@type\":\"ReadAction\",\"target\":[\"https:\/\/www.maxieduca.com.br\/blog\/noticias\/processo-seletivo-prefeitura-de-tremembe-oferta-471-vagas\/\"]}]},{\"@type\":\"BreadcrumbList\",\"@id\":\"https:\/\/www.maxieduca.com.br\/blog\/noticias\/processo-seletivo-prefeitura-de-tremembe-oferta-471-vagas\/#breadcrumb\",\"itemListElement\":[{\"@type\":\"ListItem\",\"position\":1,\"name\":\"In\u00edcio\",\"item\":\"https:\/\/www.maxieduca.com.br\/blog\/\"},{\"@type\":\"ListItem\",\"position\":2,\"name\":\"Processo Seletivo Prefeitura de Trememb\u00e9 oferta 471 vagas para \u00e1rea da educa\u00e7\u00e3o!\"}]},{\"@type\":\"WebSite\",\"@id\":\"https:\/\/www.maxieduca.com.br\/blog\/#website\",\"url\":\"https:\/\/www.maxieduca.com.br\/blog\/\",\"name\":\"Blog Maxi Educa\",\"description\":\"Dicas de concursos, apostilas e vestibulares\",\"publisher\":{\"@id\":\"https:\/\/www.maxieduca.com.br\/blog\/#organization\"},\"potentialAction\":[{\"@type\":\"SearchAction\",\"target\":{\"@type\":\"EntryPoint\",\"urlTemplate\":\"https:\/\/www.maxieduca.com.br\/blog\/?s={search_term_string}\"},\"query-input\":\"required name=search_term_string\"}],\"inLanguage\":\"pt-BR\"},{\"@type\":\"Organization\",\"@id\":\"https:\/\/www.maxieduca.com.br\/blog\/#organization\",\"name\":\"Maxi Educa - Instituto maximize educa\u00e7\u00e3o\",\"url\":\"https:\/\/www.maxieduca.com.br\/blog\/\",\"logo\":{\"@type\":\"ImageObject\",\"inLanguage\":\"pt-BR\",\"@id\":\"https:\/\/www.maxieduca.com.br\/blog\/#\/schema\/logo\/image\/\",\"url\":\"https:\/\/blog.maxieduca.com.br\/wp-content\/uploads\/2016\/11\/logo-colorida.png\",\"contentUrl\":\"https:\/\/blog.maxieduca.com.br\/wp-content\/uploads\/2016\/11\/logo-colorida.png\",\"width\":228,\"height\":115,\"caption\":\"Maxi Educa - Instituto maximize educa\u00e7\u00e3o\"},\"image\":{\"@id\":\"https:\/\/www.maxieduca.com.br\/blog\/#\/schema\/logo\/image\/\"}},{\"@type\":\"Person\",\"@id\":\"https:\/\/www.maxieduca.com.br\/blog\/#\/schema\/person\/8fa330df679142b3ee376c639f23fdcf\",\"name\":\"Ana Luisa Marques\",\"image\":{\"@type\":\"ImageObject\",\"inLanguage\":\"pt-BR\",\"@id\":\"https:\/\/www.maxieduca.com.br\/blog\/#\/schema\/person\/image\/\",\"url\":\"https:\/\/secure.gravatar.com\/avatar\/26ac13a50a6170bbca5fbf013be5aede?s=96&d=mm&r=g\",\"contentUrl\":\"https:\/\/secure.gravatar.com\/avatar\/26ac13a50a6170bbca5fbf013be5aede?s=96&d=mm&r=g\",\"caption\":\"Ana Luisa Marques\"},\"url\":\"https:\/\/www.maxieduca.com.br\/blog\/author\/ana-luisa\/\"}]}<\/script>\n<!-- \/ Yoast SEO plugin. -->","yoast_head_json":{"title":"Processo Seletivo Prefeitura de Trememb\u00e9 oferta 471 vagas!","description":"Saiu o edital do Processo Seletivo Prefeitura de Trememb\u00e9 com oferta de 471 vagas para \u00e1rea da educa\u00e7\u00e3o. Confira como se inscrever!","robots":{"index":"index","follow":"follow","max-snippet":"max-snippet:-1","max-image-preview":"max-image-preview:large","max-video-preview":"max-video-preview:-1"},"canonical":"https:\/\/www.maxieduca.com.br\/blog\/noticias\/processo-seletivo-prefeitura-de-tremembe-oferta-471-vagas\/","og_locale":"pt_BR","og_type":"article","og_title":"Processo Seletivo Prefeitura de Trememb\u00e9 oferta 471 vagas!","og_description":"Saiu o edital do Processo Seletivo Prefeitura de Trememb\u00e9 com oferta de 471 vagas para \u00e1rea da educa\u00e7\u00e3o. Confira como se inscrever!","og_url":"https:\/\/www.maxieduca.com.br\/blog\/noticias\/processo-seletivo-prefeitura-de-tremembe-oferta-471-vagas\/","og_site_name":"Blog Maxi Educa","article_published_time":"2023-11-22T13:47:36+00:00","article_modified_time":"2023-11-22T13:47:37+00:00","og_image":[{"width":2560,"height":1329,"url":"https:\/\/www.maxieduca.com.br\/blog\/wp-content\/uploads\/2023\/09\/classmates-friends-bag-school-education-scaled.jpg","type":"image\/jpeg"}],"author":"Ana Luisa Marques","twitter_card":"summary_large_image","twitter_misc":{"Written by":"Ana Luisa Marques","Est. reading time":"6 minutos"},"schema":{"@context":"https:\/\/schema.org","@graph":[{"@type":"Article","@id":"https:\/\/www.maxieduca.com.br\/blog\/noticias\/processo-seletivo-prefeitura-de-tremembe-oferta-471-vagas\/#article","isPartOf":{"@id":"https:\/\/www.maxieduca.com.br\/blog\/noticias\/processo-seletivo-prefeitura-de-tremembe-oferta-471-vagas\/"},"author":{"name":"Ana Luisa Marques","@id":"https:\/\/www.maxieduca.com.br\/blog\/#\/schema\/person\/8fa330df679142b3ee376c639f23fdcf"},"headline":"Processo Seletivo Prefeitura de Trememb\u00e9 oferta 471 vagas para \u00e1rea da educa\u00e7\u00e3o!","datePublished":"2023-11-22T13:47:36+00:00","dateModified":"2023-11-22T13:47:37+00:00","mainEntityOfPage":{"@id":"https:\/\/www.maxieduca.com.br\/blog\/noticias\/processo-seletivo-prefeitura-de-tremembe-oferta-471-vagas\/"},"wordCount":999,"commentCount":0,"publisher":{"@id":"https:\/\/www.maxieduca.com.br\/blog\/#organization"},"articleSection":["Not\u00edcias"],"inLanguage":"pt-BR","potentialAction":[{"@type":"CommentAction","name":"Comment","target":["https:\/\/www.maxieduca.com.br\/blog\/noticias\/processo-seletivo-prefeitura-de-tremembe-oferta-471-vagas\/#respond"]}]},{"@type":"WebPage","@id":"https:\/\/www.maxieduca.com.br\/blog\/noticias\/processo-seletivo-prefeitura-de-tremembe-oferta-471-vagas\/","url":"https:\/\/www.maxieduca.com.br\/blog\/noticias\/processo-seletivo-prefeitura-de-tremembe-oferta-471-vagas\/","name":"Processo Seletivo Prefeitura de Trememb\u00e9 oferta 471 vagas!","isPartOf":{"@id":"https:\/\/www.maxieduca.com.br\/blog\/#website"},"datePublished":"2023-11-22T13:47:36+00:00","dateModified":"2023-11-22T13:47:37+00:00","description":"Saiu o edital do Processo Seletivo Prefeitura de Trememb\u00e9 com oferta de 471 vagas para \u00e1rea da educa\u00e7\u00e3o. Confira como se inscrever!","breadcrumb":{"@id":"https:\/\/www.maxieduca.com.br\/blog\/noticias\/processo-seletivo-prefeitura-de-tremembe-oferta-471-vagas\/#breadcrumb"},"inLanguage":"pt-BR","potentialAction":[{"@type":"ReadAction","target":["https:\/\/www.maxieduca.com.br\/blog\/noticias\/processo-seletivo-prefeitura-de-tremembe-oferta-471-vagas\/"]}]},{"@type":"BreadcrumbList","@id":"https:\/\/www.maxieduca.com.br\/blog\/noticias\/processo-seletivo-prefeitura-de-tremembe-oferta-471-vagas\/#breadcrumb","itemListElement":[{"@type":"ListItem","position":1,"name":"In\u00edcio","item":"https:\/\/www.maxieduca.com.br\/blog\/"},{"@type":"ListItem","position":2,"name":"Processo Seletivo Prefeitura de Trememb\u00e9 oferta 471 vagas para \u00e1rea da educa\u00e7\u00e3o!"}]},{"@type":"WebSite","@id":"https:\/\/www.maxieduca.com.br\/blog\/#website","url":"https:\/\/www.maxieduca.com.br\/blog\/","name":"Blog Maxi Educa","description":"Dicas de concursos, apostilas e vestibulares","publisher":{"@id":"https:\/\/www.maxieduca.com.br\/blog\/#organization"},"potentialAction":[{"@type":"SearchAction","target":{"@type":"EntryPoint","urlTemplate":"https:\/\/www.maxieduca.com.br\/blog\/?s={search_term_string}"},"query-input":"required name=search_term_string"}],"inLanguage":"pt-BR"},{"@type":"Organization","@id":"https:\/\/www.maxieduca.com.br\/blog\/#organization","name":"Maxi Educa - Instituto maximize educa\u00e7\u00e3o","url":"https:\/\/www.maxieduca.com.br\/blog\/","logo":{"@type":"ImageObject","inLanguage":"pt-BR","@id":"https:\/\/www.maxieduca.com.br\/blog\/#\/schema\/logo\/image\/","url":"https:\/\/blog.maxieduca.com.br\/wp-content\/uploads\/2016\/11\/logo-colorida.png","contentUrl":"https:\/\/blog.maxieduca.com.br\/wp-content\/uploads\/2016\/11\/logo-colorida.png","width":228,"height":115,"caption":"Maxi Educa - Instituto maximize educa\u00e7\u00e3o"},"image":{"@id":"https:\/\/www.maxieduca.com.br\/blog\/#\/schema\/logo\/image\/"}},{"@type":"Person","@id":"https:\/\/www.maxieduca.com.br\/blog\/#\/schema\/person\/8fa330df679142b3ee376c639f23fdcf","name":"Ana Luisa Marques","image":{"@type":"ImageObject","inLanguage":"pt-BR","@id":"https:\/\/www.maxieduca.com.br\/blog\/#\/schema\/person\/image\/","url":"https:\/\/secure.gravatar.com\/avatar\/26ac13a50a6170bbca5fbf013be5aede?s=96&d=mm&r=g","contentUrl":"https:\/\/secure.gravatar.com\/avatar\/26ac13a50a6170bbca5fbf013be5aede?s=96&d=mm&r=g","caption":"Ana Luisa Marques"},"url":"https:\/\/www.maxieduca.com.br\/blog\/author\/ana-luisa\/"}]}},"_links":{"self":[{"href":"https:\/\/www.maxieduca.com.br\/blog\/wp-json\/wp\/v2\/posts\/24637"}],"collection":[{"href":"https:\/\/www.maxieduca.com.br\/blog\/wp-json\/wp\/v2\/posts"}],"about":[{"href":"https:\/\/www.maxieduca.com.br\/blog\/wp-json\/wp\/v2\/types\/post"}],"author":[{"embeddable":true,"href":"https:\/\/www.maxieduca.com.br\/blog\/wp-json\/wp\/v2\/users\/73"}],"replies":[{"embeddable":true,"href":"https:\/\/www.maxieduca.com.br\/blog\/wp-json\/wp\/v2\/comments?post=24637"}],"version-history":[{"count":6,"href":"https:\/\/www.maxieduca.com.br\/blog\/wp-json\/wp\/v2\/posts\/24637\/revisions"}],"predecessor-version":[{"id":24646,"href":"https:\/\/www.maxieduca.com.br\/blog\/wp-json\/wp\/v2\/posts\/24637\/revisions\/24646"}],"wp:featuredmedia":[{"embeddable":true,"href":"https:\/\/www.maxieduca.com.br\/blog\/wp-json\/wp\/v2\/media\/23708"}],"wp:attachment":[{"href":"https:\/\/www.maxieduca.com.br\/blog\/wp-json\/wp\/v2\/media?parent=24637"}],"wp:term":[{"taxonomy":"category","embeddable":true,"href":"https:\/\/www.maxieduca.com.br\/blog\/wp-json\/wp\/v2\/categories?post=24637"},{"taxonomy":"post_tag","embeddable":true,"href":"https:\/\/www.maxieduca.com.br\/blog\/wp-json\/wp\/v2\/tags?post=24637"}],"curies":[{"name":"wp","href":"https:\/\/api.w.org\/{rel}","templated":true}]}}