{"id":24624,"date":"2023-11-22T09:39:15","date_gmt":"2023-11-22T12:39:15","guid":{"rendered":"https:\/\/www.maxieduca.com.br\/blog\/?p=24624"},"modified":"2023-11-22T09:39:17","modified_gmt":"2023-11-22T12:39:17","slug":"concurso-prefeitura-de-cruz-das-almas-ba-363-vagas","status":"publish","type":"post","link":"https:\/\/www.maxieduca.com.br\/blog\/noticias\/concurso-prefeitura-de-cruz-das-almas-ba-363-vagas\/","title":{"rendered":"Concurso Prefeitura de Cruz das Almas BA: 363 vagas!"},"content":{"rendered":"\n<p>Est\u00e3o abertas as inscri\u00e7\u00f5es para o concurso Prefeitura de Cruz das Almas BA que est\u00e1 ofertando<strong> 363 vagas <\/strong>para todos os n\u00edveis de escolaridade. Saiba mais!<\/p>\n\n\n\n<ul>\n<li><strong>Confira: <\/strong><a href=\"https:\/\/www.maxieduca.com.br\/apostilas\/apostila-prefeitura-de-cruz-das-almas-ba-2023--tecnico-em-enfermagem\">Apostila Prefeitura De Cruz Das Almas &#8211; BA T\u00e9cnico em Enfermagem<\/a><\/li>\n\n\n\n<li><strong>Confira: <\/strong><a href=\"https:\/\/www.maxieduca.com.br\/apostilas\/apostila-prefeitura-de-cruz-das-almas-ba-2023--auxiliar-de-creche\">Apostila Prefeitura De Cruz Das Almas &#8211; BA Auxiliar de Creche<\/a><\/li>\n<\/ul>\n\n\n\n<p><\/p>\n\n\n\n<h2 class=\"wp-block-heading\">Resumo do edital<\/h2>\n\n\n\n<p><\/p>\n\n\n\n<ul>\n<li>Vagas: 363<\/li>\n\n\n\n<li>Cargo: Diversos<\/li>\n\n\n\n<li>Escolaridade: N\u00edvel Fundamental, M\u00e9dio e Superior<\/li>\n\n\n\n<li>Banca: IAN Concursos<\/li>\n\n\n\n<li>Sal\u00e1rio: entre R$ 1.320,00 e R$ 4.000,00<\/li>\n\n\n\n<li>Per\u00edodo de inscri\u00e7\u00f5es: 13\/11\/2023 at\u00e9 11\/12\/2023<\/li>\n\n\n\n<li>Taxa: R$ 60,00 at\u00e9 R$ 200,00<\/li>\n\n\n\n<li>Prova: \n<ul>\n<li>21\/01\/2024<\/li>\n\n\n\n<li>28\/01\/2024<\/li>\n\n\n\n<li>04\/02\/2024<\/li>\n<\/ul>\n<\/li>\n\n\n\n<li><a href=\"https:\/\/cdn.ian.org.br\/edital\/1\/34\/55950a7fb8d6ea8265f512b27756655d.pdf\" target=\"_blank\" rel=\"noreferrer noopener\">Edital<\/a><\/li>\n<\/ul>\n\n\n\n<p><\/p>\n\n\n\n<h2 class=\"wp-block-heading\">Como se inscrever no concurso Prefeitura de Cruz das Almas BA?<\/h2>\n\n\n\n<p>Para se inscrever no concurso Prefeitura de Cruz das Almas BA \u00e9 necess\u00e1rio acessar o site da banca, o <a href=\"https:\/\/portal.ian.org.br\/edital\/ver\/34\" target=\"_blank\" rel=\"noreferrer noopener\">IAN Concursos,<\/a> at\u00e9 as\u00a0<strong>23h59min do dia 11 de dezembro de 2023<\/strong> e preencher o formul\u00e1rio com os dados solicitados.<\/p>\n\n\n\n<p>Em seguida, \u00e9 preciso efetuar o pagamento da<strong> taxa de inscri\u00e7\u00e3o<\/strong> para que a candidatura seja homologada.<\/p>\n\n\n\n<p>O valor da taxa varia de acordo com o n\u00edvel de escolaridade do cargo pretendido, sendo:<\/p>\n\n\n\n<ul>\n<li>Fundamental: R$ 60,00<\/li>\n\n\n\n<li>M\u00e9dio\/T\u00e9cnico: R$ 90,00<\/li>\n\n\n\n<li>Superior (exceto M\u00e9dico): R$ 150,00<\/li>\n\n\n\n<li>M\u00e9dico: R$ 200,00<\/li>\n<\/ul>\n\n\n\n<p><\/p>\n\n\n\n<h2 class=\"wp-block-heading\">Vagas, cargos e sal\u00e1rios<\/h2>\n\n\n\n<p>O concurso Prefeitura de Cruz das Almas BA est\u00e1 ofertando <strong>363 vagas<\/strong>, sendo 138 vagas imediatas e 225 oportunidades para forma\u00e7\u00e3o de um cadastro reserva que ser\u00e1 utilizado durante todo o prazo de validade do edital.<\/p>\n\n\n\n<p>Confira a distribui\u00e7\u00e3o de oportunidades e sal\u00e1rios:<\/p>\n\n\n\n<p><strong>Fundamental<\/strong><\/p>\n\n\n\n<ul>\n<li>Agente de Obras e Servi\u00e7os (06+06CR)\n<ul>\n<li>R$ 1.320,00<\/li>\n<\/ul>\n<\/li>\n\n\n\n<li><a href=\"https:\/\/www.maxieduca.com.br\/apostilas\/apostila-prefeitura-de-cruz-das-almas-ba-2023--agente-de-servicos-gerais\">Agente de Servi\u00e7os Gerais\u00a0(10+20CR)<\/a>\n<ul>\n<li>R$ 1.320,00<\/li>\n<\/ul>\n<\/li>\n\n\n\n<li>Carpinteiro (02+02CR)\n<ul>\n<li>R$ 1.320,00<\/li>\n<\/ul>\n<\/li>\n\n\n\n<li>Coveiro (02+05CR)\n<ul>\n<li>R$ 1.320,00<\/li>\n<\/ul>\n<\/li>\n\n\n\n<li>Eletricista (02+05CR)\n<ul>\n<li>R$ 1.413,79<\/li>\n<\/ul>\n<\/li>\n\n\n\n<li>Gari (10+10CR)\n<ul>\n<li>R$ 1.320,00<\/li>\n<\/ul>\n<\/li>\n\n\n\n<li>Pedreiro (02+05CR)\n<ul>\n<li>R$ 1.320,00<\/li>\n<\/ul>\n<\/li>\n\n\n\n<li>Pintor (01+05CR)\n<ul>\n<li>R$ 1.320,00<\/li>\n<\/ul>\n<\/li>\n\n\n\n<li>Tratorista (02+04CR)\n<ul>\n<li>R$ 1.413,79<\/li>\n<\/ul>\n<\/li>\n\n\n\n<li>Agente Arrecadador (04+08CR)\n<ul>\n<li>R$ 1.320,00<\/li>\n<\/ul>\n<\/li>\n\n\n\n<li>Merendeira (05+15CR)\n<ul>\n<li>R$ 1.320,00<\/li>\n<\/ul>\n<\/li>\n\n\n\n<li><a href=\"https:\/\/www.maxieduca.com.br\/apostilas\/apostila-prefeitura-de-cruz-das-almas-ba-2023-motorista-de-veiculos-leves\">Motorista de Ve\u00edculos Leves\u00a0(02+05CR)<\/a>\n<ul>\n<li>R$ 1.413,79<\/li>\n<\/ul>\n<\/li>\n\n\n\n<li>Motorista de Ve\u00edculos Pesados (02+03CR)\n<ul>\n<li>R$ 1.413,79<\/li>\n<\/ul>\n<\/li>\n<\/ul>\n\n\n\n<p><\/p>\n\n\n\n<p><strong>M\u00e9dio\/T\u00e9cnico<\/strong><\/p>\n\n\n\n<ul>\n<li><a href=\"https:\/\/www.maxieduca.com.br\/apostilas\/apostila-prefeitura-de-cruz-das-almas-ba-2023--agente-comunitario-de-saude\">Agente Comunit\u00e1rio de Sa\u00fade\u00a0(11+18CR)<\/a>\n<ul>\n<li>R$ 2.640,00<\/li>\n<\/ul>\n<\/li>\n\n\n\n<li><a href=\"https:\/\/www.maxieduca.com.br\/apostilas\/apostila-prefeitura-de-cruz-das-almas-ba-2023--agente-de-combate-a-endemias\">Agente de Combate a Endemias (05+02CR)<\/a>\n<ul>\n<li>R$ 2.640,00<\/li>\n<\/ul>\n<\/li>\n\n\n\n<li>Agente de Tr\u00e2nsito e Transporte (01+04CR)\n<ul>\n<li>R$ 1.413,79<\/li>\n<\/ul>\n<\/li>\n\n\n\n<li><a href=\"https:\/\/www.maxieduca.com.br\/apostilas\/apostila-prefeitura-de-cruz-das-almas-ba-2023-assistente-administrativo\">Assistente Administrativo\u00a0(04+04CR)<\/a>\n<ul>\n<li>R$ 1.413,79<\/li>\n<\/ul>\n<\/li>\n\n\n\n<li>Auxiliar de Creche (05+10CR)\n<ul>\n<li>R$ 1.320,00<\/li>\n<\/ul>\n<\/li>\n\n\n\n<li>Auxiliar de Consult\u00f3rio Odontol\u00f3gico (06+03CR)\n<ul>\n<li>R$ 1.320,00<\/li>\n<\/ul>\n<\/li>\n\n\n\n<li>Fiscal de Tributos (02+04CR)\n<ul>\n<li>R$ 1.320,00<\/li>\n<\/ul>\n<\/li>\n\n\n\n<li>Recepcionista Hospitalar (03+03CR)\n<ul>\n<li>R$ 1.413,79<\/li>\n<\/ul>\n<\/li>\n\n\n\n<li>Secret\u00e1ria Escolar (02+05CR)\n<ul>\n<li>R$ 1.413,79<\/li>\n<\/ul>\n<\/li>\n\n\n\n<li>T\u00e9cnico em Vigil\u00e2ncia Sanit\u00e1ria (02+04CR)\n<ul>\n<li>R$ 1.413,79<\/li>\n<\/ul>\n<\/li>\n\n\n\n<li>T\u00e9cnico em Enfermagem\u00a0(04+04CR)\n<ul>\n<li>R$ 1.413,79<\/li>\n<\/ul>\n<\/li>\n\n\n\n<li>T\u00e9cnico em Raio X (01+03CR)\n<ul>\n<li>R$ 1.413,79<\/li>\n<\/ul>\n<\/li>\n\n\n\n<li>Top\u00f3grafo (01+01CR)\n<ul>\n<li>R$ 1.413,79<\/li>\n<\/ul>\n<\/li>\n\n\n\n<li>Vigilante (10+20CR)\n<ul>\n<li>R$ 1.320,00<\/li>\n<\/ul>\n<\/li>\n<\/ul>\n\n\n\n<p><\/p>\n\n\n\n<p><strong>Superior<\/strong><\/p>\n\n\n\n<ul>\n<li>Assistente Social (01+02CR)\n<ul>\n<li>R$ 1.952,63<\/li>\n<\/ul>\n<\/li>\n\n\n\n<li>Bibliotec\u00e1rio (01+02CR)\n<ul>\n<li>R$ 2.652,33<\/li>\n<\/ul>\n<\/li>\n\n\n\n<li>Cirurgi\u00e3o-dentista (02+04CR)\n<ul>\n<li>R$ 4.000,00<\/li>\n<\/ul>\n<\/li>\n\n\n\n<li>Enfermeiro (02+04CR)\n<ul>\n<li>R$ 3.000,00 + Complemento do Piso Nacional<\/li>\n<\/ul>\n<\/li>\n\n\n\n<li>Enfermeiro Pediatra (02+02CR)\n<ul>\n<li>R$ 2.254,57 + Complemento do Piso Nacional<\/li>\n<\/ul>\n<\/li>\n\n\n\n<li>Fiscal de Servi\u00e7os P\u00fablicos (06+04CR)\n<ul>\n<li>R$ 1.373,21<\/li>\n<\/ul>\n<\/li>\n\n\n\n<li>M\u00e9dico \u2013 R$ 2.539,95\n<ul>\n<li>Angiologista (01+01CR)<\/li>\n\n\n\n<li>Autorizador\/Regulador (01+01CR)<\/li>\n\n\n\n<li>Cardiologista (01+01CR)<\/li>\n\n\n\n<li>Cl\u00ednico (01+01)<\/li>\n\n\n\n<li>Dermatologista (01+01)<\/li>\n\n\n\n<li>Endocrinologista (01+01)<\/li>\n\n\n\n<li>Gastroenterologista (01+01)<\/li>\n\n\n\n<li>Ginecologista (01+01)<\/li>\n\n\n\n<li>Nefrologista (01+01)<\/li>\n\n\n\n<li>Oftalmologista (01+01)<\/li>\n\n\n\n<li>Ortopedista (01+01)<\/li>\n\n\n\n<li>Pediatra (01+01)<\/li>\n\n\n\n<li>Psiquiatra (01+01)<\/li>\n\n\n\n<li>Urologista (01+01)<\/li>\n<\/ul>\n<\/li>\n\n\n\n<li>Pedagogo (02+02CR)\n<ul>\n<li>R$ 2.652,33<\/li>\n<\/ul>\n<\/li>\n\n\n\n<li>Professor de Educa\u00e7\u00e3o F\u00edsica\/anos iniciais (02+02CR)\n<ul>\n<li>R$ 2.652,33<\/li>\n<\/ul>\n<\/li>\n\n\n\n<li>Professor de L\u00edngua Estrangeira\/ingl\u00eas (02+02CR)\n<ul>\n<li>R$ 2.652,33<\/li>\n<\/ul>\n<\/li>\n\n\n\n<li>Psic\u00f3logo (03+03CR)\n<ul>\n<li>R$ 1.500,00<\/li>\n<\/ul>\n<\/li>\n<\/ul>\n\n\n\n<p><\/p>\n\n\n\n<h2 class=\"wp-block-heading\">Quais os requisitos para participar do concurso Prefeitura de Cruz das Almas BA?<\/h2>\n\n\n\n<p>Para participar do concurso, \u00e9 necess\u00e1rio:<\/p>\n\n\n\n<ul>\n<li>Ser brasileiro nato ou naturalizado, ou cidad\u00e3o portugu\u00eas que tenha adquirido a igualdade de direitos e obriga\u00e7\u00f5es civis, e gozo dos direitos pol\u00edticos;<\/li>\n\n\n\n<li>Estar em pleno gozo e exerc\u00edcio dos direitos pol\u00edticos e civis;<\/li>\n\n\n\n<li>Estar com o Cadastro de Pessoa F\u00edsica (CPF) regularizado;<\/li>\n\n\n\n<li>Ser eleitor e estar em situa\u00e7\u00e3o regular com a Justi\u00e7a Eleitoral;<\/li>\n\n\n\n<li>Quando do sexo masculino, estar em dia com as obriga\u00e7\u00f5es do Servi\u00e7o Militar;<\/li>\n\n\n\n<li>Ter idade m\u00ednima de 18 anos completos na data da posse;<\/li>\n\n\n\n<li>N\u00e3o ter sido condenado \u00e0 pena privativa de liberdade transitada em julgado ou qualquer outra condena\u00e7\u00e3o incompat\u00edvel com a fun\u00e7\u00e3o p\u00fablica;<\/li>\n\n\n\n<li>N\u00e3o ter sido demitido, por justa causa, do servi\u00e7o p\u00fablico federal, estadual ou municipal;<\/li>\n\n\n\n<li>N\u00e3o ter sofrido san\u00e7\u00e3o impeditiva do exerc\u00edcio de fun\u00e7\u00e3o, emprego ou cargo p\u00fablico;<\/li>\n\n\n\n<li>Firmar declara\u00e7\u00e3o de n\u00e3o estar cumprindo e nem ter sofrido, no exerc\u00edcio da fun\u00e7\u00e3o p\u00fablica, penalidade por pr\u00e1tica de improbidade administrativa ou inidoneidade, aplicada por qualquer \u00f3rg\u00e3o p\u00fablico ou entidade da esfera federal, estadual ou municipal;<\/li>\n\n\n\n<li>Ter aptid\u00e3o f\u00edsica e mental para o exerc\u00edcio das atribui\u00e7\u00f5es do cargo, comprovada por avalia\u00e7\u00e3o m\u00e9dica oficial;<\/li>\n\n\n\n<li>Possuir e comprovar, \u00e0 \u00e9poca da convoca\u00e7\u00e3o, a escolaridade e os demais requisitos exigidos para o exerc\u00edcio do cargo, em conformidade com o disposto neste Edital;<\/li>\n\n\n\n<li>Declarar expressamente o exerc\u00edcio ou n\u00e3o de cargo, emprego ou fun\u00e7\u00e3o p\u00fablica nos \u00f3rg\u00e3os ou entidades da Administra\u00e7\u00e3o P\u00fablica Estadual, Federal ou Municipal, para fins de verifica\u00e7\u00e3o de ac\u00famulo ou n\u00e3o de cargo, emprego ou fun\u00e7\u00e3o p\u00fablica;<\/li>\n\n\n\n<li>Apresentar, dentro do prazo estipulado neste Edital, todos os documentos que se fizerem necess\u00e1rios.<\/li>\n<\/ul>\n\n\n\n<p><\/p>\n\n\n\n<h2 class=\"wp-block-heading\">Etapas de sele\u00e7\u00e3o<\/h2>\n\n\n\n<p>Os candidatos ser\u00e3o avaliados em <strong>quatro etapas:<\/strong><\/p>\n\n\n\n<ul>\n<li>Prova Objetiva, de car\u00e1ter eliminat\u00f3rio e classificat\u00f3rio, para todos os cargos;<\/li>\n\n\n\n<li>Prova de T\u00edtulos, de car\u00e1ter apenas classificat\u00f3rio, para os cargos de n\u00edvel superior completo;<\/li>\n\n\n\n<li>Teste de Aptid\u00e3o F\u00edsica, de car\u00e1ter apenas eliminat\u00f3rio, para os cargos de Agente de Tr\u00e2nsito e Vigilante;<\/li>\n\n\n\n<li>Prova Pr\u00e1tica, de car\u00e1ter apenas eliminat\u00f3rio, para os cargos de Motorista de Ve\u00edculos Leves, Motorista de Ve\u00edculos Pesados e Tratorista.<\/li>\n<\/ul>\n\n\n\n<p><\/p>\n\n\n\n<h3 class=\"wp-block-heading\">Prova Objetiva<\/h3>\n\n\n\n<p>As provas objetivas ser\u00e3o aplicadas na cidade de Cruz das Almas BA, nas seguintes datas:<\/p>\n\n\n\n<ul>\n<li>N\u00edvel Fundamental: 04\/02\/2024<\/li>\n\n\n\n<li>N\u00edvel M\u00e9dio\/T\u00e9cnico: 28\/01\/2024<\/li>\n\n\n\n<li>N\u00edvel Superior: 21\/01\/2024<\/li>\n<\/ul>\n\n\n\n<p><\/p>\n\n\n\n<p>Na ocasi\u00e3o, os candidatos dever\u00e3o responder <strong>quest\u00f5es de m\u00faltipla escolha,<\/strong> sobre as disciplinas de:<\/p>\n\n\n\n<ul>\n<li>L\u00edngua Portuguesa;<\/li>\n\n\n\n<li>Legisla\u00e7\u00e3o Municipal;<\/li>\n\n\n\n<li>Sa\u00fade P\u00fablica;<\/li>\n\n\n\n<li>Fundamentos da Educa\u00e7\u00e3o;<\/li>\n\n\n\n<li>Conhecimentos Espec\u00edficos.<\/li>\n<\/ul>\n\n\n\n<p><\/p>\n\n\n\n<p>\u26a0\ufe0f <strong>Aten\u00e7\u00e3o!<\/strong> A quantidade de quest\u00f5es e disciplinas variam conforme o cargo, portanto, <a href=\"https:\/\/cdn.ian.org.br\/edital\/1\/34\/55950a7fb8d6ea8265f512b27756655d.pdf\" target=\"_blank\" rel=\"noreferrer noopener\">baixe o edital!<\/a><\/p>\n\n\n\n<p><\/p>\n\n\n\n<h3 class=\"wp-block-heading\">Prova de T\u00edtulos<\/h3>\n\n\n\n<p>Os melhores colocados na prova objetiva e interessados nas carreiras de n\u00edvel superior, ter\u00e3o seus t\u00edtulos avaliados conforme a tabela:<\/p>\n\n\n\n<figure class=\"wp-block-image size-full\"><a href=\"https:\/\/www.maxieduca.com.br\/blog\/wp-content\/uploads\/2023\/11\/titulos-almas.png\"><img decoding=\"async\" loading=\"lazy\" width=\"523\" height=\"284\" src=\"https:\/\/www.maxieduca.com.br\/blog\/wp-content\/uploads\/2023\/11\/titulos-almas.png\" alt=\"\" class=\"wp-image-24625\" srcset=\"https:\/\/www.maxieduca.com.br\/blog\/wp-content\/uploads\/2023\/11\/titulos-almas.png 523w, https:\/\/www.maxieduca.com.br\/blog\/wp-content\/uploads\/2023\/11\/titulos-almas-300x163.png 300w\" sizes=\"(max-width: 523px) 100vw, 523px\" \/><\/a><\/figure>\n\n\n\n<p><\/p>\n\n\n\n<h3 class=\"wp-block-heading\">Teste de Aptid\u00e3o F\u00edsica<\/h3>\n\n\n\n<p>J\u00e1 os melhores colocados na prova objetiva e interessados nas carreiras de Agente de Tr\u00e2nsito e Vigilante, realizar\u00e3o o Teste de Aptid\u00e3o F\u00edsica, que consistir\u00e1 em uma\u00a0<strong>Corrida de Resist\u00eancia de 1.800 metros<\/strong>\u00a0a ser percorrida no m\u00e1ximo em 12 minutos para candidatos do sexo masculino e no m\u00e1ximo em 15 minutos para candidatos do sexo feminino, em pista ou circuito de piso regular e plano.<\/p>\n\n\n\n<h3 class=\"wp-block-heading\">Prova Pr\u00e1tica<\/h3>\n\n\n\n<p>A prova pr\u00e1tica tem como intuito avaliar\u00a0<strong>o conhecimento, a experi\u00eancia pr\u00e9via e as habilidades t\u00e9cnicas<\/strong>\u00a0do candidato, constando de demonstra\u00e7\u00e3o pr\u00e1tica de sua habilita\u00e7\u00e3o na execu\u00e7\u00e3o das atribui\u00e7\u00f5es do cargo pretendido.<\/p>\n\n\n\n<p>Para isso, o candidato dever\u00e1 realizar as seguintes atividades:<\/p>\n\n\n\n<ul>\n<li>Realizar manobras;<\/li>\n\n\n\n<li>Reconhecimento dos equipamentos do ve\u00edculo.<\/li>\n<\/ul>\n\n\n\n<p><\/p>\n\n\n\n<p>O concurso ser\u00e1 homologado e permanecer\u00e1 v\u00e1lido pelo<strong> prazo de dois anos,<\/strong> podendo ser prorrogado uma \u00fanica vez, por igual per\u00edodo, a crit\u00e9rio da Prefeitura.<\/p>\n","protected":false},"excerpt":{"rendered":"<p>Est\u00e3o abertas as inscri\u00e7\u00f5es para o concurso Prefeitura de Cruz [&hellip;]<\/p>\n","protected":false},"author":73,"featured_media":23736,"comment_status":"open","ping_status":"open","sticky":false,"template":"","format":"standard","meta":[],"categories":[214],"tags":[],"acf":[],"yoast_head":"<!-- This site is optimized with the Yoast SEO plugin v20.7 - https:\/\/yoast.com\/wordpress\/plugins\/seo\/ -->\n<title>Concurso Prefeitura de Cruz das Almas BA: 363 vagas!<\/title>\n<meta name=\"description\" content=\"Est\u00e3o abertas as inscri\u00e7\u00f5es para o concurso Prefeitura de Cruz das Almas BA que est\u00e1 ofertando 363 vagas para todos os n\u00edveis. Saiba mais!\" \/>\n<meta name=\"robots\" content=\"index, follow, max-snippet:-1, max-image-preview:large, max-video-preview:-1\" \/>\n<link rel=\"canonical\" href=\"https:\/\/www.maxieduca.com.br\/blog\/noticias\/concurso-prefeitura-de-cruz-das-almas-ba-363-vagas\/\" \/>\n<meta property=\"og:locale\" content=\"pt_BR\" \/>\n<meta property=\"og:type\" content=\"article\" \/>\n<meta property=\"og:title\" content=\"Concurso Prefeitura de Cruz das Almas BA: 363 vagas!\" \/>\n<meta property=\"og:description\" content=\"Est\u00e3o abertas as inscri\u00e7\u00f5es para o concurso Prefeitura de Cruz das Almas BA que est\u00e1 ofertando 363 vagas para todos os n\u00edveis. Saiba mais!\" \/>\n<meta property=\"og:url\" content=\"https:\/\/www.maxieduca.com.br\/blog\/noticias\/concurso-prefeitura-de-cruz-das-almas-ba-363-vagas\/\" \/>\n<meta property=\"og:site_name\" content=\"Blog Maxi Educa\" \/>\n<meta property=\"article:published_time\" content=\"2023-11-22T12:39:15+00:00\" \/>\n<meta property=\"article:modified_time\" content=\"2023-11-22T12:39:17+00:00\" \/>\n<meta property=\"og:image\" content=\"https:\/\/www.maxieduca.com.br\/blog\/wp-content\/uploads\/2023\/09\/mid-section-unrecognizable-man-making-notes-scaled.jpg\" \/>\n\t<meta property=\"og:image:width\" content=\"2560\" \/>\n\t<meta property=\"og:image:height\" content=\"1708\" \/>\n\t<meta property=\"og:image:type\" content=\"image\/jpeg\" \/>\n<meta name=\"author\" content=\"Ana Luisa Marques\" \/>\n<meta name=\"twitter:card\" content=\"summary_large_image\" \/>\n<meta name=\"twitter:label1\" content=\"Written by\" \/>\n\t<meta name=\"twitter:data1\" content=\"Ana Luisa Marques\" \/>\n\t<meta name=\"twitter:label2\" content=\"Est. reading time\" \/>\n\t<meta name=\"twitter:data2\" content=\"7 minutos\" \/>\n<script type=\"application\/ld+json\" class=\"yoast-schema-graph\">{\"@context\":\"https:\/\/schema.org\",\"@graph\":[{\"@type\":\"Article\",\"@id\":\"https:\/\/www.maxieduca.com.br\/blog\/noticias\/concurso-prefeitura-de-cruz-das-almas-ba-363-vagas\/#article\",\"isPartOf\":{\"@id\":\"https:\/\/www.maxieduca.com.br\/blog\/noticias\/concurso-prefeitura-de-cruz-das-almas-ba-363-vagas\/\"},\"author\":{\"name\":\"Ana Luisa Marques\",\"@id\":\"https:\/\/www.maxieduca.com.br\/blog\/#\/schema\/person\/8fa330df679142b3ee376c639f23fdcf\"},\"headline\":\"Concurso Prefeitura de Cruz das Almas BA: 363 vagas!\",\"datePublished\":\"2023-11-22T12:39:15+00:00\",\"dateModified\":\"2023-11-22T12:39:17+00:00\",\"mainEntityOfPage\":{\"@id\":\"https:\/\/www.maxieduca.com.br\/blog\/noticias\/concurso-prefeitura-de-cruz-das-almas-ba-363-vagas\/\"},\"wordCount\":1163,\"commentCount\":0,\"publisher\":{\"@id\":\"https:\/\/www.maxieduca.com.br\/blog\/#organization\"},\"articleSection\":[\"Not\u00edcias\"],\"inLanguage\":\"pt-BR\",\"potentialAction\":[{\"@type\":\"CommentAction\",\"name\":\"Comment\",\"target\":[\"https:\/\/www.maxieduca.com.br\/blog\/noticias\/concurso-prefeitura-de-cruz-das-almas-ba-363-vagas\/#respond\"]}]},{\"@type\":\"WebPage\",\"@id\":\"https:\/\/www.maxieduca.com.br\/blog\/noticias\/concurso-prefeitura-de-cruz-das-almas-ba-363-vagas\/\",\"url\":\"https:\/\/www.maxieduca.com.br\/blog\/noticias\/concurso-prefeitura-de-cruz-das-almas-ba-363-vagas\/\",\"name\":\"Concurso Prefeitura de Cruz das Almas BA: 363 vagas!\",\"isPartOf\":{\"@id\":\"https:\/\/www.maxieduca.com.br\/blog\/#website\"},\"datePublished\":\"2023-11-22T12:39:15+00:00\",\"dateModified\":\"2023-11-22T12:39:17+00:00\",\"description\":\"Est\u00e3o abertas as inscri\u00e7\u00f5es para o concurso Prefeitura de Cruz das Almas BA que est\u00e1 ofertando 363 vagas para todos os n\u00edveis. Saiba mais!\",\"breadcrumb\":{\"@id\":\"https:\/\/www.maxieduca.com.br\/blog\/noticias\/concurso-prefeitura-de-cruz-das-almas-ba-363-vagas\/#breadcrumb\"},\"inLanguage\":\"pt-BR\",\"potentialAction\":[{\"@type\":\"ReadAction\",\"target\":[\"https:\/\/www.maxieduca.com.br\/blog\/noticias\/concurso-prefeitura-de-cruz-das-almas-ba-363-vagas\/\"]}]},{\"@type\":\"BreadcrumbList\",\"@id\":\"https:\/\/www.maxieduca.com.br\/blog\/noticias\/concurso-prefeitura-de-cruz-das-almas-ba-363-vagas\/#breadcrumb\",\"itemListElement\":[{\"@type\":\"ListItem\",\"position\":1,\"name\":\"In\u00edcio\",\"item\":\"https:\/\/www.maxieduca.com.br\/blog\/\"},{\"@type\":\"ListItem\",\"position\":2,\"name\":\"Concurso Prefeitura de Cruz das Almas BA: 363 vagas!\"}]},{\"@type\":\"WebSite\",\"@id\":\"https:\/\/www.maxieduca.com.br\/blog\/#website\",\"url\":\"https:\/\/www.maxieduca.com.br\/blog\/\",\"name\":\"Blog Maxi Educa\",\"description\":\"Dicas de concursos, apostilas e vestibulares\",\"publisher\":{\"@id\":\"https:\/\/www.maxieduca.com.br\/blog\/#organization\"},\"potentialAction\":[{\"@type\":\"SearchAction\",\"target\":{\"@type\":\"EntryPoint\",\"urlTemplate\":\"https:\/\/www.maxieduca.com.br\/blog\/?s={search_term_string}\"},\"query-input\":\"required name=search_term_string\"}],\"inLanguage\":\"pt-BR\"},{\"@type\":\"Organization\",\"@id\":\"https:\/\/www.maxieduca.com.br\/blog\/#organization\",\"name\":\"Maxi Educa - Instituto maximize educa\u00e7\u00e3o\",\"url\":\"https:\/\/www.maxieduca.com.br\/blog\/\",\"logo\":{\"@type\":\"ImageObject\",\"inLanguage\":\"pt-BR\",\"@id\":\"https:\/\/www.maxieduca.com.br\/blog\/#\/schema\/logo\/image\/\",\"url\":\"https:\/\/blog.maxieduca.com.br\/wp-content\/uploads\/2016\/11\/logo-colorida.png\",\"contentUrl\":\"https:\/\/blog.maxieduca.com.br\/wp-content\/uploads\/2016\/11\/logo-colorida.png\",\"width\":228,\"height\":115,\"caption\":\"Maxi Educa - Instituto maximize educa\u00e7\u00e3o\"},\"image\":{\"@id\":\"https:\/\/www.maxieduca.com.br\/blog\/#\/schema\/logo\/image\/\"}},{\"@type\":\"Person\",\"@id\":\"https:\/\/www.maxieduca.com.br\/blog\/#\/schema\/person\/8fa330df679142b3ee376c639f23fdcf\",\"name\":\"Ana Luisa Marques\",\"image\":{\"@type\":\"ImageObject\",\"inLanguage\":\"pt-BR\",\"@id\":\"https:\/\/www.maxieduca.com.br\/blog\/#\/schema\/person\/image\/\",\"url\":\"https:\/\/secure.gravatar.com\/avatar\/26ac13a50a6170bbca5fbf013be5aede?s=96&d=mm&r=g\",\"contentUrl\":\"https:\/\/secure.gravatar.com\/avatar\/26ac13a50a6170bbca5fbf013be5aede?s=96&d=mm&r=g\",\"caption\":\"Ana Luisa Marques\"},\"url\":\"https:\/\/www.maxieduca.com.br\/blog\/author\/ana-luisa\/\"}]}<\/script>\n<!-- \/ Yoast SEO plugin. -->","yoast_head_json":{"title":"Concurso Prefeitura de Cruz das Almas BA: 363 vagas!","description":"Est\u00e3o abertas as inscri\u00e7\u00f5es para o concurso Prefeitura de Cruz das Almas BA que est\u00e1 ofertando 363 vagas para todos os n\u00edveis. Saiba mais!","robots":{"index":"index","follow":"follow","max-snippet":"max-snippet:-1","max-image-preview":"max-image-preview:large","max-video-preview":"max-video-preview:-1"},"canonical":"https:\/\/www.maxieduca.com.br\/blog\/noticias\/concurso-prefeitura-de-cruz-das-almas-ba-363-vagas\/","og_locale":"pt_BR","og_type":"article","og_title":"Concurso Prefeitura de Cruz das Almas BA: 363 vagas!","og_description":"Est\u00e3o abertas as inscri\u00e7\u00f5es para o concurso Prefeitura de Cruz das Almas BA que est\u00e1 ofertando 363 vagas para todos os n\u00edveis. Saiba mais!","og_url":"https:\/\/www.maxieduca.com.br\/blog\/noticias\/concurso-prefeitura-de-cruz-das-almas-ba-363-vagas\/","og_site_name":"Blog Maxi Educa","article_published_time":"2023-11-22T12:39:15+00:00","article_modified_time":"2023-11-22T12:39:17+00:00","og_image":[{"width":2560,"height":1708,"url":"https:\/\/www.maxieduca.com.br\/blog\/wp-content\/uploads\/2023\/09\/mid-section-unrecognizable-man-making-notes-scaled.jpg","type":"image\/jpeg"}],"author":"Ana Luisa Marques","twitter_card":"summary_large_image","twitter_misc":{"Written by":"Ana Luisa Marques","Est. reading time":"7 minutos"},"schema":{"@context":"https:\/\/schema.org","@graph":[{"@type":"Article","@id":"https:\/\/www.maxieduca.com.br\/blog\/noticias\/concurso-prefeitura-de-cruz-das-almas-ba-363-vagas\/#article","isPartOf":{"@id":"https:\/\/www.maxieduca.com.br\/blog\/noticias\/concurso-prefeitura-de-cruz-das-almas-ba-363-vagas\/"},"author":{"name":"Ana Luisa Marques","@id":"https:\/\/www.maxieduca.com.br\/blog\/#\/schema\/person\/8fa330df679142b3ee376c639f23fdcf"},"headline":"Concurso Prefeitura de Cruz das Almas BA: 363 vagas!","datePublished":"2023-11-22T12:39:15+00:00","dateModified":"2023-11-22T12:39:17+00:00","mainEntityOfPage":{"@id":"https:\/\/www.maxieduca.com.br\/blog\/noticias\/concurso-prefeitura-de-cruz-das-almas-ba-363-vagas\/"},"wordCount":1163,"commentCount":0,"publisher":{"@id":"https:\/\/www.maxieduca.com.br\/blog\/#organization"},"articleSection":["Not\u00edcias"],"inLanguage":"pt-BR","potentialAction":[{"@type":"CommentAction","name":"Comment","target":["https:\/\/www.maxieduca.com.br\/blog\/noticias\/concurso-prefeitura-de-cruz-das-almas-ba-363-vagas\/#respond"]}]},{"@type":"WebPage","@id":"https:\/\/www.maxieduca.com.br\/blog\/noticias\/concurso-prefeitura-de-cruz-das-almas-ba-363-vagas\/","url":"https:\/\/www.maxieduca.com.br\/blog\/noticias\/concurso-prefeitura-de-cruz-das-almas-ba-363-vagas\/","name":"Concurso Prefeitura de Cruz das Almas BA: 363 vagas!","isPartOf":{"@id":"https:\/\/www.maxieduca.com.br\/blog\/#website"},"datePublished":"2023-11-22T12:39:15+00:00","dateModified":"2023-11-22T12:39:17+00:00","description":"Est\u00e3o abertas as inscri\u00e7\u00f5es para o concurso Prefeitura de Cruz das Almas BA que est\u00e1 ofertando 363 vagas para todos os n\u00edveis. Saiba mais!","breadcrumb":{"@id":"https:\/\/www.maxieduca.com.br\/blog\/noticias\/concurso-prefeitura-de-cruz-das-almas-ba-363-vagas\/#breadcrumb"},"inLanguage":"pt-BR","potentialAction":[{"@type":"ReadAction","target":["https:\/\/www.maxieduca.com.br\/blog\/noticias\/concurso-prefeitura-de-cruz-das-almas-ba-363-vagas\/"]}]},{"@type":"BreadcrumbList","@id":"https:\/\/www.maxieduca.com.br\/blog\/noticias\/concurso-prefeitura-de-cruz-das-almas-ba-363-vagas\/#breadcrumb","itemListElement":[{"@type":"ListItem","position":1,"name":"In\u00edcio","item":"https:\/\/www.maxieduca.com.br\/blog\/"},{"@type":"ListItem","position":2,"name":"Concurso Prefeitura de Cruz das Almas BA: 363 vagas!"}]},{"@type":"WebSite","@id":"https:\/\/www.maxieduca.com.br\/blog\/#website","url":"https:\/\/www.maxieduca.com.br\/blog\/","name":"Blog Maxi Educa","description":"Dicas de concursos, apostilas e vestibulares","publisher":{"@id":"https:\/\/www.maxieduca.com.br\/blog\/#organization"},"potentialAction":[{"@type":"SearchAction","target":{"@type":"EntryPoint","urlTemplate":"https:\/\/www.maxieduca.com.br\/blog\/?s={search_term_string}"},"query-input":"required name=search_term_string"}],"inLanguage":"pt-BR"},{"@type":"Organization","@id":"https:\/\/www.maxieduca.com.br\/blog\/#organization","name":"Maxi Educa - Instituto maximize educa\u00e7\u00e3o","url":"https:\/\/www.maxieduca.com.br\/blog\/","logo":{"@type":"ImageObject","inLanguage":"pt-BR","@id":"https:\/\/www.maxieduca.com.br\/blog\/#\/schema\/logo\/image\/","url":"https:\/\/blog.maxieduca.com.br\/wp-content\/uploads\/2016\/11\/logo-colorida.png","contentUrl":"https:\/\/blog.maxieduca.com.br\/wp-content\/uploads\/2016\/11\/logo-colorida.png","width":228,"height":115,"caption":"Maxi Educa - Instituto maximize educa\u00e7\u00e3o"},"image":{"@id":"https:\/\/www.maxieduca.com.br\/blog\/#\/schema\/logo\/image\/"}},{"@type":"Person","@id":"https:\/\/www.maxieduca.com.br\/blog\/#\/schema\/person\/8fa330df679142b3ee376c639f23fdcf","name":"Ana Luisa Marques","image":{"@type":"ImageObject","inLanguage":"pt-BR","@id":"https:\/\/www.maxieduca.com.br\/blog\/#\/schema\/person\/image\/","url":"https:\/\/secure.gravatar.com\/avatar\/26ac13a50a6170bbca5fbf013be5aede?s=96&d=mm&r=g","contentUrl":"https:\/\/secure.gravatar.com\/avatar\/26ac13a50a6170bbca5fbf013be5aede?s=96&d=mm&r=g","caption":"Ana Luisa Marques"},"url":"https:\/\/www.maxieduca.com.br\/blog\/author\/ana-luisa\/"}]}},"_links":{"self":[{"href":"https:\/\/www.maxieduca.com.br\/blog\/wp-json\/wp\/v2\/posts\/24624"}],"collection":[{"href":"https:\/\/www.maxieduca.com.br\/blog\/wp-json\/wp\/v2\/posts"}],"about":[{"href":"https:\/\/www.maxieduca.com.br\/blog\/wp-json\/wp\/v2\/types\/post"}],"author":[{"embeddable":true,"href":"https:\/\/www.maxieduca.com.br\/blog\/wp-json\/wp\/v2\/users\/73"}],"replies":[{"embeddable":true,"href":"https:\/\/www.maxieduca.com.br\/blog\/wp-json\/wp\/v2\/comments?post=24624"}],"version-history":[{"count":3,"href":"https:\/\/www.maxieduca.com.br\/blog\/wp-json\/wp\/v2\/posts\/24624\/revisions"}],"predecessor-version":[{"id":24628,"href":"https:\/\/www.maxieduca.com.br\/blog\/wp-json\/wp\/v2\/posts\/24624\/revisions\/24628"}],"wp:featuredmedia":[{"embeddable":true,"href":"https:\/\/www.maxieduca.com.br\/blog\/wp-json\/wp\/v2\/media\/23736"}],"wp:attachment":[{"href":"https:\/\/www.maxieduca.com.br\/blog\/wp-json\/wp\/v2\/media?parent=24624"}],"wp:term":[{"taxonomy":"category","embeddable":true,"href":"https:\/\/www.maxieduca.com.br\/blog\/wp-json\/wp\/v2\/categories?post=24624"},{"taxonomy":"post_tag","embeddable":true,"href":"https:\/\/www.maxieduca.com.br\/blog\/wp-json\/wp\/v2\/tags?post=24624"}],"curies":[{"name":"wp","href":"https:\/\/api.w.org\/{rel}","templated":true}]}}