{"id":24616,"date":"2023-11-22T09:04:02","date_gmt":"2023-11-22T12:04:02","guid":{"rendered":"https:\/\/www.maxieduca.com.br\/blog\/?p=24616"},"modified":"2023-11-22T09:04:04","modified_gmt":"2023-11-22T12:04:04","slug":"concurso-prefeitura-de-passos-tem-edital-publicado-para-guarda","status":"publish","type":"post","link":"https:\/\/www.maxieduca.com.br\/blog\/noticias\/concurso-prefeitura-de-passos-tem-edital-publicado-para-guarda\/","title":{"rendered":"Concurso Prefeitura de Passos tem edital publicado para Guarda Municipal!"},"content":{"rendered":"\n<p>Saiu o edital do concurso Prefeitura de Passos com oferta de <strong>50 vagas imediatas<\/strong> para o cargo de Guarda Municipal.<\/p>\n\n\n\n<p>A carreira exige o <strong>n\u00edvel m\u00e9dio<\/strong> e oferece sal\u00e1rios iniciais de R$ 3 mil. Confira!<\/p>\n\n\n\n<ul>\n<li><strong>Confira:<\/strong> <a href=\"https:\/\/www.maxieduca.com.br\/apostilas\/apostila-prefeitura-de-passos-mg-2023-guarda-civil-municipal-gcm\">Apostila Prefeitura de Passos &#8211; MG &#8211; 2023 Guarda Municipal<\/a><\/li>\n<\/ul>\n\n\n\n<p><\/p>\n\n\n\n<h2 class=\"wp-block-heading\">Resumo do edital<\/h2>\n\n\n\n<p><\/p>\n\n\n\n<ul>\n<li>Vagas: 50<\/li>\n\n\n\n<li>Cargo: Guarda Municipal<\/li>\n\n\n\n<li>Escolaridade: N\u00edvel M\u00e9dio<\/li>\n\n\n\n<li>Banca: IBGP Concursos<\/li>\n\n\n\n<li>Sal\u00e1rio: R$ 3.073,46 + benef\u00edcios<\/li>\n\n\n\n<li>Per\u00edodo de inscri\u00e7\u00f5es: 10\/01\/2024 at\u00e9 08\/02\/2024<\/li>\n\n\n\n<li>Taxa: R$ 90,00<\/li>\n\n\n\n<li>Prova: 10\/03\/2024<\/li>\n\n\n\n<li><a href=\"https:\/\/www.maxieduca.com.br\/blog\/wp-content\/uploads\/2023\/11\/00-EDITAL-CONCURSO-GUARDA-MUNICIPAL-PASSOS.pdf\" target=\"_blank\" rel=\"noreferrer noopener\">Edital<\/a><\/li>\n<\/ul>\n\n\n\n<p><\/p>\n\n\n\n<h2 class=\"wp-block-heading\">Como realizar a inscri\u00e7\u00e3o no concurso Prefeitura de Passos?<\/h2>\n\n\n\n<p>Os interessados em uma das vagas devem realizar as inscri\u00e7\u00f5es no site da banca, o <a href=\"https:\/\/novo.ibgpconcursos.com.br\/concurso.jsp?cod=382\" target=\"_blank\" rel=\"noreferrer noopener\">IBGP Concursos,<\/a> entre os dias <strong>10 de janeiro e 08 de fevereiro de 2024.<\/strong><\/p>\n\n\n\n<p>O primeiro passo ser\u00e1 preencher o formul\u00e1rio com os dados solicitados e em seguida, o candidato dever\u00e1 efetuar o pagamento da <strong>taxa de inscri\u00e7\u00e3o<\/strong> no valor de R$ 90,00 para que a candidatura seja homologada.<\/p>\n\n\n\n<p>Haver\u00e1 isen\u00e7\u00e3o do valor da taxa das 09h&nbsp;do dia 10 de janeiro de 2024 at\u00e9 \u00e0s 15h59 do dia 12 de janeiro de 2024, para aqueles que se enquadrarem nos seguintes quesitos:<\/p>\n\n\n\n<ul>\n<li>Cidad\u00e3o desempregado;<\/li>\n\n\n\n<li>Insufici\u00eancia econ\u00f4mico-financeira;<\/li>\n\n\n\n<li>Doador de medula \u00f3ssea.<\/li>\n<\/ul>\n\n\n\n<p><\/p>\n\n\n\n<h2 class=\"wp-block-heading\">Vagas, cargos e sal\u00e1rios Prefeitura de Passos<\/h2>\n\n\n\n<p>O concurso visa o preenchimento de<strong> 50 vagas imediatas<\/strong> de Guarda Municipal, sendo:<\/p>\n\n\n\n<ul>\n<li>Sexo Feminino (08)\n<ul>\n<li>Ampla Concorr\u00eancia: 05<\/li>\n\n\n\n<li>PCD: 01<\/li>\n\n\n\n<li>Negros: 02<\/li>\n<\/ul>\n<\/li>\n<\/ul>\n\n\n\n<p><\/p>\n\n\n\n<ul>\n<li>Sexo Masculino (42)\n<ul>\n<li>Ampla Concorr\u00eancia: 30<\/li>\n\n\n\n<li>PCD: 04<\/li>\n\n\n\n<li>Negros: 08<\/li>\n<\/ul>\n<\/li>\n<\/ul>\n\n\n\n<p><\/p>\n\n\n\n<p>A carreira exige apenas o n\u00edvel m\u00e9dio de forma\u00e7\u00e3o e oferece<strong> sal\u00e1rios iniciais<\/strong> de R$ 3.073,46 para jornadas de trabalho de 44h semanais.<\/p>\n\n\n\n<p>Al\u00e9m do sal\u00e1rio, os servidores fazem jus aos seguintes <strong>benef\u00edcios:<\/strong><\/p>\n\n\n\n<ul>\n<li>Adicional de Periculosidade de 30% do vencimento base do cargo;<\/li>\n\n\n\n<li>Aux\u00edlio Alimenta\u00e7\u00e3o no valor de R$ 700,00<\/li>\n<\/ul>\n\n\n\n<p><\/p>\n\n\n\n<h2 class=\"wp-block-heading\">Quais os requisitos para participar do concurso Prefeitura de Passos?<\/h2>\n\n\n\n<p>Para participar do concurso, \u00e9 necess\u00e1rio:<\/p>\n\n\n\n<ul>\n<li>Ser brasileiro nato ou naturalizado, ou no caso de nacionalidade portuguesa, estar amparado pelo Estatuto de Igualdade entre Brasileiros e Portugueses, com reconhecimento do gozo dos direitos pol\u00edticos, na forma do disposto do \u00a7 1\u00ba art. 12 da Constitui\u00e7\u00e3o Federal\/88, combinado com o Decreto Federal n\u00ba 70.436, 18 de abril de 1972;<\/li>\n\n\n\n<li>Estar em gozo dos direitos pol\u00edticos;<\/li>\n\n\n\n<li>Estar quite com as obriga\u00e7\u00f5es eleitorais;<\/li>\n\n\n\n<li>Estar em dia com as obriga\u00e7\u00f5es militares, para os candidatos do sexo masculino;<\/li>\n\n\n\n<li>Ter idade m\u00ednima de 18 anos completos, e idade m\u00e1xima de 35 anos, no ato da nomea\u00e7\u00e3o;<\/li>\n\n\n\n<li>For julgado apto f\u00edsica e mentalmente para o exerc\u00edcio do cargo, por pr\u00e9via inspe\u00e7\u00e3o m\u00e9dica oficial e \u00e0 equipe Multiprofissional em caso de Pessoas com Defici\u00eancia (PcD);<\/li>\n\n\n\n<li>Ter os documentos comprobat\u00f3rios de escolaridade m\u00ednima e requisitos constantes Anexo I deste Edital;<\/li>\n\n\n\n<li>N\u00e3o receber proventos de aposentadoria decorrentes do art. 40 ou dos arts. 42 e 142 da Constitui\u00e7\u00e3o Federal de 1988, com a remunera\u00e7\u00e3o de cargo, emprego ou fun\u00e7\u00e3o p\u00fablica, ressalvados os cargos acumul\u00e1veis na forma da respectiva Constitui\u00e7\u00e3o, os cargos eletivos e os cargos em comiss\u00e3o declarados em lei de livre nomea\u00e7\u00e3o e exonera\u00e7\u00e3o;<\/li>\n\n\n\n<li>N\u00e3o acumular remunera\u00e7\u00e3o de cargos p\u00fablicos, ressalvados os cargos acumul\u00e1veis na forma da Constitui\u00e7\u00e3o Federal de 1988 e na Lei Municipal Complementar n\u00ba 3\/2003.<\/li>\n<\/ul>\n\n\n\n<p><\/p>\n\n\n\n<h2 class=\"wp-block-heading\">Como \u00e9 o trabalho do Guarda Municipal de Passos MG?<\/h2>\n\n\n\n<p>Cabe ao candidato aprovado, as seguintes fun\u00e7\u00f5es:<\/p>\n\n\n\n<ul>\n<li>Zelar pelos bens, equipamentos e pr\u00e9dios p\u00fablicos do Munic\u00edpio;<\/li>\n\n\n\n<li>Prevenir, inibir e coibir, pela presen\u00e7a e vigil\u00e2ncia, as infra\u00e7\u00f5es penais ou administrativas e atos infracionais que atentem contra os bens, servi\u00e7os e instala\u00e7\u00f5es municipais;<\/li>\n\n\n\n<li>Atuar, preventiva e permanentemente, no territ\u00f3rio do Munic\u00edpio, para a prote\u00e7\u00e3o sist\u00eamica da popula\u00e7\u00e3o que utiliza os bens, servi\u00e7os e instala\u00e7\u00f5es municipais;<\/li>\n\n\n\n<li>Colaborar, de forma integrada com os \u00f3rg\u00e3os de seguran\u00e7a p\u00fablica, em a\u00e7\u00f5es conjuntas que contribuam com a paz social;<\/li>\n\n\n\n<li>Colaborar com a pacifica\u00e7\u00e3o de conflitos que seus integrantes presenciarem, atentando para o respeito aos direitos fundamentais das pessoas;<\/li>\n\n\n\n<li>Exercer as compet\u00eancias de tr\u00e2nsito que lhes forem conferidas nas vias e logradouros municipais, nos termos da Lei n\u00ba 9.503, de 23 de setembro de 1997 (C\u00f3digo de Tr\u00e2nsito Brasileiro), ou de formal concorrente, mediante conv\u00eanio celebrado com \u00f3rg\u00e3o de tr\u00e2nsito estadual ou municipal;<\/li>\n\n\n\n<li>Proteger o patrim\u00f4nio ecol\u00f3gico, hist\u00f3rico, cultural, arquitet\u00f4nico ambiental do Munic\u00edpio, inclusive adotando medidas educativas e preventivas;<\/li>\n\n\n\n<li>Cooperar com os demais \u00f3rg\u00e3os de defesa civil em suas atividades;<\/li>\n\n\n\n<li>Interagir com a sociedade civil para discuss\u00e3o de solu\u00e7\u00f5es de problemas e projetos locais voltados \u00e0 melhoria das condi\u00e7\u00f5es de seguran\u00e7a das comunidades;<\/li>\n\n\n\n<li>Articular-se com os \u00f3rg\u00e3os municipais de pol\u00edticas sociais, visando \u00e0 ado\u00e7\u00e3o de a\u00e7\u00f5es interdisciplinares de seguran\u00e7a no Munic\u00edpio.<\/li>\n<\/ul>\n\n\n\n<p><\/p>\n\n\n\n<h2 class=\"wp-block-heading\">Como ser\u00e3o a provas do concurso Prefeitura de Passos?<\/h2>\n\n\n\n<p>Os candidatos ser\u00e3o avaliados em<strong> cinco etapas:<\/strong><\/p>\n\n\n\n<ul>\n<li>Prova Objetiva, de car\u00e1ter classificat\u00f3rio e eliminat\u00f3rio;<\/li>\n\n\n\n<li>Prova de Capacidade F\u00edsica, de car\u00e1ter classificat\u00f3rio e eliminat\u00f3rio;<\/li>\n\n\n\n<li>Avalia\u00e7\u00e3o Psicol\u00f3gica, de car\u00e1ter eliminat\u00f3rio;<\/li>\n\n\n\n<li>Sindic\u00e2ncia Social, de car\u00e1ter eliminat\u00f3rio;<\/li>\n\n\n\n<li>Curso de Forma\u00e7\u00e3o, de car\u00e1ter eliminat\u00f3rio.<\/li>\n<\/ul>\n\n\n\n<p><\/p>\n\n\n\n<p>A prova objetiva ser\u00e1 aplicada no dia 10 de mar\u00e7o de 2024 em locais e hor\u00e1rios a serem confirmados pelo Comprovante Definitivo de Inscri\u00e7\u00e3o (CDI), que ser\u00e1 publicado no site da banca.<\/p>\n\n\n\n<p> Com 3h30 de dura\u00e7\u00e3o, a prova objetiva consistir\u00e1 em<strong> 50 quest\u00f5es de m\u00faltipla escolha,<\/strong> sobre as disciplinas de:<\/p>\n\n\n\n<ul>\n<li>L\u00edngua Portuguesa (10)<\/li>\n\n\n\n<li>Legisla\u00e7\u00e3o (10)<\/li>\n\n\n\n<li>Conhecimentos Gerais e Atualidades (08)<\/li>\n\n\n\n<li>Racioc\u00ednio L\u00f3gico (07)<\/li>\n\n\n\n<li>Conhecimentos Espec\u00edficos (15)<\/li>\n<\/ul>\n\n\n\n<p><\/p>\n\n\n\n<p>A prova ser\u00e1 avaliada em escala de 0 a 100 pontos e ser\u00e1 considerado aprovado aquele que obtiver, no m\u00ednimo, 50% de aproveitamento.<\/p>\n\n\n\n<p>Os melhores colocados ser\u00e3o convocados para a <strong>prova de capacidade f\u00edsica,<\/strong> onde dever\u00e3o realizar os seguintes exerc\u00edcios:<\/p>\n\n\n\n<ul>\n<li>Teste Din\u00e2mico na barra fixa (Masculino)\n<ul>\n<li>3 flex\u00f5es<\/li>\n<\/ul>\n<\/li>\n\n\n\n<li>Isometria na barra fixa (Feminino)\n<ul>\n<li>05 segundos<\/li>\n<\/ul>\n<\/li>\n\n\n\n<li>Flex\u00e3o Abdominal Remador<\/li>\n\n\n\n<li>Corrida de Resist\u00eancia Anaer\u00f3bica de 50 metros<\/li>\n\n\n\n<li>Corrida de Resist\u00eancia Aer\u00f3bica de 12 minutos<\/li>\n<\/ul>\n\n\n\n<p><\/p>\n\n\n\n<p>Os 50 primeiros candidatos classificados na 5\u00aa etapa v\u00e3o compor as 2 turmas do Curso de Forma\u00e7\u00e3o.<\/p>\n\n\n\n<p>O <strong>prazo de validade<\/strong> do concurso ser\u00e1 de dois anos, podendo ser prorrogado uma \u00fanica vez, por igual per\u00edodo.<\/p>\n","protected":false},"excerpt":{"rendered":"<p>Saiu o edital do concurso Prefeitura de Passos com oferta [&hellip;]<\/p>\n","protected":false},"author":73,"featured_media":24619,"comment_status":"open","ping_status":"open","sticky":false,"template":"","format":"standard","meta":[],"categories":[214],"tags":[],"acf":[],"yoast_head":"<!-- This site is optimized with the Yoast SEO plugin v20.7 - https:\/\/yoast.com\/wordpress\/plugins\/seo\/ -->\n<title>Concurso Prefeitura de Passos tem edital publicado para Guarda!<\/title>\n<meta name=\"description\" content=\"Saiu o edital do concurso Prefeitura de Passos com oferta de 50 vagas imediatas para o cargo de Guarda Municipal.\" \/>\n<meta name=\"robots\" content=\"index, follow, max-snippet:-1, max-image-preview:large, max-video-preview:-1\" \/>\n<link rel=\"canonical\" href=\"https:\/\/www.maxieduca.com.br\/blog\/noticias\/concurso-prefeitura-de-passos-tem-edital-publicado-para-guarda\/\" \/>\n<meta property=\"og:locale\" content=\"pt_BR\" \/>\n<meta property=\"og:type\" content=\"article\" \/>\n<meta property=\"og:title\" content=\"Concurso Prefeitura de Passos tem edital publicado para Guarda!\" \/>\n<meta property=\"og:description\" content=\"Saiu o edital do concurso Prefeitura de Passos com oferta de 50 vagas imediatas para o cargo de Guarda Municipal.\" \/>\n<meta property=\"og:url\" content=\"https:\/\/www.maxieduca.com.br\/blog\/noticias\/concurso-prefeitura-de-passos-tem-edital-publicado-para-guarda\/\" \/>\n<meta property=\"og:site_name\" content=\"Blog Maxi Educa\" \/>\n<meta property=\"article:published_time\" content=\"2023-11-22T12:04:02+00:00\" \/>\n<meta property=\"article:modified_time\" content=\"2023-11-22T12:04:04+00:00\" \/>\n<meta property=\"og:image\" content=\"https:\/\/www.maxieduca.com.br\/blog\/wp-content\/uploads\/2023\/11\/R.jpg\" \/>\n\t<meta property=\"og:image:width\" content=\"777\" \/>\n\t<meta property=\"og:image:height\" content=\"437\" \/>\n\t<meta property=\"og:image:type\" content=\"image\/jpeg\" \/>\n<meta name=\"author\" content=\"Ana Luisa Marques\" \/>\n<meta name=\"twitter:card\" content=\"summary_large_image\" \/>\n<meta name=\"twitter:label1\" content=\"Written by\" \/>\n\t<meta name=\"twitter:data1\" content=\"Ana Luisa Marques\" \/>\n\t<meta name=\"twitter:label2\" content=\"Est. reading time\" \/>\n\t<meta name=\"twitter:data2\" content=\"6 minutos\" \/>\n<script type=\"application\/ld+json\" class=\"yoast-schema-graph\">{\"@context\":\"https:\/\/schema.org\",\"@graph\":[{\"@type\":\"Article\",\"@id\":\"https:\/\/www.maxieduca.com.br\/blog\/noticias\/concurso-prefeitura-de-passos-tem-edital-publicado-para-guarda\/#article\",\"isPartOf\":{\"@id\":\"https:\/\/www.maxieduca.com.br\/blog\/noticias\/concurso-prefeitura-de-passos-tem-edital-publicado-para-guarda\/\"},\"author\":{\"name\":\"Ana Luisa Marques\",\"@id\":\"https:\/\/www.maxieduca.com.br\/blog\/#\/schema\/person\/8fa330df679142b3ee376c639f23fdcf\"},\"headline\":\"Concurso Prefeitura de Passos tem edital publicado para Guarda Municipal!\",\"datePublished\":\"2023-11-22T12:04:02+00:00\",\"dateModified\":\"2023-11-22T12:04:04+00:00\",\"mainEntityOfPage\":{\"@id\":\"https:\/\/www.maxieduca.com.br\/blog\/noticias\/concurso-prefeitura-de-passos-tem-edital-publicado-para-guarda\/\"},\"wordCount\":1046,\"commentCount\":0,\"publisher\":{\"@id\":\"https:\/\/www.maxieduca.com.br\/blog\/#organization\"},\"articleSection\":[\"Not\u00edcias\"],\"inLanguage\":\"pt-BR\",\"potentialAction\":[{\"@type\":\"CommentAction\",\"name\":\"Comment\",\"target\":[\"https:\/\/www.maxieduca.com.br\/blog\/noticias\/concurso-prefeitura-de-passos-tem-edital-publicado-para-guarda\/#respond\"]}]},{\"@type\":\"WebPage\",\"@id\":\"https:\/\/www.maxieduca.com.br\/blog\/noticias\/concurso-prefeitura-de-passos-tem-edital-publicado-para-guarda\/\",\"url\":\"https:\/\/www.maxieduca.com.br\/blog\/noticias\/concurso-prefeitura-de-passos-tem-edital-publicado-para-guarda\/\",\"name\":\"Concurso Prefeitura de Passos tem edital publicado para Guarda!\",\"isPartOf\":{\"@id\":\"https:\/\/www.maxieduca.com.br\/blog\/#website\"},\"datePublished\":\"2023-11-22T12:04:02+00:00\",\"dateModified\":\"2023-11-22T12:04:04+00:00\",\"description\":\"Saiu o edital do concurso Prefeitura de Passos com oferta de 50 vagas imediatas para o cargo de Guarda Municipal.\",\"breadcrumb\":{\"@id\":\"https:\/\/www.maxieduca.com.br\/blog\/noticias\/concurso-prefeitura-de-passos-tem-edital-publicado-para-guarda\/#breadcrumb\"},\"inLanguage\":\"pt-BR\",\"potentialAction\":[{\"@type\":\"ReadAction\",\"target\":[\"https:\/\/www.maxieduca.com.br\/blog\/noticias\/concurso-prefeitura-de-passos-tem-edital-publicado-para-guarda\/\"]}]},{\"@type\":\"BreadcrumbList\",\"@id\":\"https:\/\/www.maxieduca.com.br\/blog\/noticias\/concurso-prefeitura-de-passos-tem-edital-publicado-para-guarda\/#breadcrumb\",\"itemListElement\":[{\"@type\":\"ListItem\",\"position\":1,\"name\":\"In\u00edcio\",\"item\":\"https:\/\/www.maxieduca.com.br\/blog\/\"},{\"@type\":\"ListItem\",\"position\":2,\"name\":\"Concurso Prefeitura de Passos tem edital publicado para Guarda Municipal!\"}]},{\"@type\":\"WebSite\",\"@id\":\"https:\/\/www.maxieduca.com.br\/blog\/#website\",\"url\":\"https:\/\/www.maxieduca.com.br\/blog\/\",\"name\":\"Blog Maxi Educa\",\"description\":\"Dicas de concursos, apostilas e vestibulares\",\"publisher\":{\"@id\":\"https:\/\/www.maxieduca.com.br\/blog\/#organization\"},\"potentialAction\":[{\"@type\":\"SearchAction\",\"target\":{\"@type\":\"EntryPoint\",\"urlTemplate\":\"https:\/\/www.maxieduca.com.br\/blog\/?s={search_term_string}\"},\"query-input\":\"required name=search_term_string\"}],\"inLanguage\":\"pt-BR\"},{\"@type\":\"Organization\",\"@id\":\"https:\/\/www.maxieduca.com.br\/blog\/#organization\",\"name\":\"Maxi Educa - Instituto maximize educa\u00e7\u00e3o\",\"url\":\"https:\/\/www.maxieduca.com.br\/blog\/\",\"logo\":{\"@type\":\"ImageObject\",\"inLanguage\":\"pt-BR\",\"@id\":\"https:\/\/www.maxieduca.com.br\/blog\/#\/schema\/logo\/image\/\",\"url\":\"https:\/\/blog.maxieduca.com.br\/wp-content\/uploads\/2016\/11\/logo-colorida.png\",\"contentUrl\":\"https:\/\/blog.maxieduca.com.br\/wp-content\/uploads\/2016\/11\/logo-colorida.png\",\"width\":228,\"height\":115,\"caption\":\"Maxi Educa - Instituto maximize educa\u00e7\u00e3o\"},\"image\":{\"@id\":\"https:\/\/www.maxieduca.com.br\/blog\/#\/schema\/logo\/image\/\"}},{\"@type\":\"Person\",\"@id\":\"https:\/\/www.maxieduca.com.br\/blog\/#\/schema\/person\/8fa330df679142b3ee376c639f23fdcf\",\"name\":\"Ana Luisa Marques\",\"image\":{\"@type\":\"ImageObject\",\"inLanguage\":\"pt-BR\",\"@id\":\"https:\/\/www.maxieduca.com.br\/blog\/#\/schema\/person\/image\/\",\"url\":\"https:\/\/secure.gravatar.com\/avatar\/26ac13a50a6170bbca5fbf013be5aede?s=96&d=mm&r=g\",\"contentUrl\":\"https:\/\/secure.gravatar.com\/avatar\/26ac13a50a6170bbca5fbf013be5aede?s=96&d=mm&r=g\",\"caption\":\"Ana Luisa Marques\"},\"url\":\"https:\/\/www.maxieduca.com.br\/blog\/author\/ana-luisa\/\"}]}<\/script>\n<!-- \/ Yoast SEO plugin. -->","yoast_head_json":{"title":"Concurso Prefeitura de Passos tem edital publicado para Guarda!","description":"Saiu o edital do concurso Prefeitura de Passos com oferta de 50 vagas imediatas para o cargo de Guarda Municipal.","robots":{"index":"index","follow":"follow","max-snippet":"max-snippet:-1","max-image-preview":"max-image-preview:large","max-video-preview":"max-video-preview:-1"},"canonical":"https:\/\/www.maxieduca.com.br\/blog\/noticias\/concurso-prefeitura-de-passos-tem-edital-publicado-para-guarda\/","og_locale":"pt_BR","og_type":"article","og_title":"Concurso Prefeitura de Passos tem edital publicado para Guarda!","og_description":"Saiu o edital do concurso Prefeitura de Passos com oferta de 50 vagas imediatas para o cargo de Guarda Municipal.","og_url":"https:\/\/www.maxieduca.com.br\/blog\/noticias\/concurso-prefeitura-de-passos-tem-edital-publicado-para-guarda\/","og_site_name":"Blog Maxi Educa","article_published_time":"2023-11-22T12:04:02+00:00","article_modified_time":"2023-11-22T12:04:04+00:00","og_image":[{"width":777,"height":437,"url":"https:\/\/www.maxieduca.com.br\/blog\/wp-content\/uploads\/2023\/11\/R.jpg","type":"image\/jpeg"}],"author":"Ana Luisa Marques","twitter_card":"summary_large_image","twitter_misc":{"Written by":"Ana Luisa Marques","Est. reading time":"6 minutos"},"schema":{"@context":"https:\/\/schema.org","@graph":[{"@type":"Article","@id":"https:\/\/www.maxieduca.com.br\/blog\/noticias\/concurso-prefeitura-de-passos-tem-edital-publicado-para-guarda\/#article","isPartOf":{"@id":"https:\/\/www.maxieduca.com.br\/blog\/noticias\/concurso-prefeitura-de-passos-tem-edital-publicado-para-guarda\/"},"author":{"name":"Ana Luisa Marques","@id":"https:\/\/www.maxieduca.com.br\/blog\/#\/schema\/person\/8fa330df679142b3ee376c639f23fdcf"},"headline":"Concurso Prefeitura de Passos tem edital publicado para Guarda Municipal!","datePublished":"2023-11-22T12:04:02+00:00","dateModified":"2023-11-22T12:04:04+00:00","mainEntityOfPage":{"@id":"https:\/\/www.maxieduca.com.br\/blog\/noticias\/concurso-prefeitura-de-passos-tem-edital-publicado-para-guarda\/"},"wordCount":1046,"commentCount":0,"publisher":{"@id":"https:\/\/www.maxieduca.com.br\/blog\/#organization"},"articleSection":["Not\u00edcias"],"inLanguage":"pt-BR","potentialAction":[{"@type":"CommentAction","name":"Comment","target":["https:\/\/www.maxieduca.com.br\/blog\/noticias\/concurso-prefeitura-de-passos-tem-edital-publicado-para-guarda\/#respond"]}]},{"@type":"WebPage","@id":"https:\/\/www.maxieduca.com.br\/blog\/noticias\/concurso-prefeitura-de-passos-tem-edital-publicado-para-guarda\/","url":"https:\/\/www.maxieduca.com.br\/blog\/noticias\/concurso-prefeitura-de-passos-tem-edital-publicado-para-guarda\/","name":"Concurso Prefeitura de Passos tem edital publicado para Guarda!","isPartOf":{"@id":"https:\/\/www.maxieduca.com.br\/blog\/#website"},"datePublished":"2023-11-22T12:04:02+00:00","dateModified":"2023-11-22T12:04:04+00:00","description":"Saiu o edital do concurso Prefeitura de Passos com oferta de 50 vagas imediatas para o cargo de Guarda Municipal.","breadcrumb":{"@id":"https:\/\/www.maxieduca.com.br\/blog\/noticias\/concurso-prefeitura-de-passos-tem-edital-publicado-para-guarda\/#breadcrumb"},"inLanguage":"pt-BR","potentialAction":[{"@type":"ReadAction","target":["https:\/\/www.maxieduca.com.br\/blog\/noticias\/concurso-prefeitura-de-passos-tem-edital-publicado-para-guarda\/"]}]},{"@type":"BreadcrumbList","@id":"https:\/\/www.maxieduca.com.br\/blog\/noticias\/concurso-prefeitura-de-passos-tem-edital-publicado-para-guarda\/#breadcrumb","itemListElement":[{"@type":"ListItem","position":1,"name":"In\u00edcio","item":"https:\/\/www.maxieduca.com.br\/blog\/"},{"@type":"ListItem","position":2,"name":"Concurso Prefeitura de Passos tem edital publicado para Guarda Municipal!"}]},{"@type":"WebSite","@id":"https:\/\/www.maxieduca.com.br\/blog\/#website","url":"https:\/\/www.maxieduca.com.br\/blog\/","name":"Blog Maxi Educa","description":"Dicas de concursos, apostilas e vestibulares","publisher":{"@id":"https:\/\/www.maxieduca.com.br\/blog\/#organization"},"potentialAction":[{"@type":"SearchAction","target":{"@type":"EntryPoint","urlTemplate":"https:\/\/www.maxieduca.com.br\/blog\/?s={search_term_string}"},"query-input":"required name=search_term_string"}],"inLanguage":"pt-BR"},{"@type":"Organization","@id":"https:\/\/www.maxieduca.com.br\/blog\/#organization","name":"Maxi Educa - Instituto maximize educa\u00e7\u00e3o","url":"https:\/\/www.maxieduca.com.br\/blog\/","logo":{"@type":"ImageObject","inLanguage":"pt-BR","@id":"https:\/\/www.maxieduca.com.br\/blog\/#\/schema\/logo\/image\/","url":"https:\/\/blog.maxieduca.com.br\/wp-content\/uploads\/2016\/11\/logo-colorida.png","contentUrl":"https:\/\/blog.maxieduca.com.br\/wp-content\/uploads\/2016\/11\/logo-colorida.png","width":228,"height":115,"caption":"Maxi Educa - Instituto maximize educa\u00e7\u00e3o"},"image":{"@id":"https:\/\/www.maxieduca.com.br\/blog\/#\/schema\/logo\/image\/"}},{"@type":"Person","@id":"https:\/\/www.maxieduca.com.br\/blog\/#\/schema\/person\/8fa330df679142b3ee376c639f23fdcf","name":"Ana Luisa Marques","image":{"@type":"ImageObject","inLanguage":"pt-BR","@id":"https:\/\/www.maxieduca.com.br\/blog\/#\/schema\/person\/image\/","url":"https:\/\/secure.gravatar.com\/avatar\/26ac13a50a6170bbca5fbf013be5aede?s=96&d=mm&r=g","contentUrl":"https:\/\/secure.gravatar.com\/avatar\/26ac13a50a6170bbca5fbf013be5aede?s=96&d=mm&r=g","caption":"Ana Luisa Marques"},"url":"https:\/\/www.maxieduca.com.br\/blog\/author\/ana-luisa\/"}]}},"_links":{"self":[{"href":"https:\/\/www.maxieduca.com.br\/blog\/wp-json\/wp\/v2\/posts\/24616"}],"collection":[{"href":"https:\/\/www.maxieduca.com.br\/blog\/wp-json\/wp\/v2\/posts"}],"about":[{"href":"https:\/\/www.maxieduca.com.br\/blog\/wp-json\/wp\/v2\/types\/post"}],"author":[{"embeddable":true,"href":"https:\/\/www.maxieduca.com.br\/blog\/wp-json\/wp\/v2\/users\/73"}],"replies":[{"embeddable":true,"href":"https:\/\/www.maxieduca.com.br\/blog\/wp-json\/wp\/v2\/comments?post=24616"}],"version-history":[{"count":5,"href":"https:\/\/www.maxieduca.com.br\/blog\/wp-json\/wp\/v2\/posts\/24616\/revisions"}],"predecessor-version":[{"id":24623,"href":"https:\/\/www.maxieduca.com.br\/blog\/wp-json\/wp\/v2\/posts\/24616\/revisions\/24623"}],"wp:featuredmedia":[{"embeddable":true,"href":"https:\/\/www.maxieduca.com.br\/blog\/wp-json\/wp\/v2\/media\/24619"}],"wp:attachment":[{"href":"https:\/\/www.maxieduca.com.br\/blog\/wp-json\/wp\/v2\/media?parent=24616"}],"wp:term":[{"taxonomy":"category","embeddable":true,"href":"https:\/\/www.maxieduca.com.br\/blog\/wp-json\/wp\/v2\/categories?post=24616"},{"taxonomy":"post_tag","embeddable":true,"href":"https:\/\/www.maxieduca.com.br\/blog\/wp-json\/wp\/v2\/tags?post=24616"}],"curies":[{"name":"wp","href":"https:\/\/api.w.org\/{rel}","templated":true}]}}