{"id":24594,"date":"2023-11-17T11:36:21","date_gmt":"2023-11-17T14:36:21","guid":{"rendered":"https:\/\/www.maxieduca.com.br\/blog\/?p=24594"},"modified":"2023-11-17T11:36:23","modified_gmt":"2023-11-17T14:36:23","slug":"concurso-ibge-efetivos-edital-em-dezembro-com-895-vagas","status":"publish","type":"post","link":"https:\/\/www.maxieduca.com.br\/blog\/noticias\/concurso-ibge-efetivos-edital-em-dezembro-com-895-vagas\/","title":{"rendered":"Concurso IBGE efetivos: Edital em dezembro com 895 vagas!"},"content":{"rendered":"\n<p>O presidente do Instituto Brasileiro de Geografia e Estat\u00edstica afirmou que o <strong>concurso IBGE efetivos<\/strong> ser\u00e1 &#8220;o maior da hist\u00f3ria&#8221; em termos quantitativos.<\/p>\n\n\n\n<p>Isso porque o \u00f3rg\u00e3o tem <strong>895 vagas autorizadas<\/strong> e confirmou participa\u00e7\u00e3o no concurso Nacional Unificado, que ter\u00e1 seu edital publicado dia 20 de dezembro de 2023, com provas em fevereiro de 2024.<\/p>\n\n\n\n<p><em>\u201cEsse ano de 2023 \u00e9 um ano important\u00edssimo, porque ele representa a retomada de concurso \u2013 e o IBGE vai fazer o seu maior concurso da hist\u00f3ria em termos quantitativos, e optou inclusive por fazer parte de um Concurso Unificado Nacional, que o Governo Federal, com o Minist\u00e9rio de Gest\u00e3o e Inova\u00e7\u00e3o, est\u00e1 realizando\u201d,<\/em>&nbsp;afirmou o presidente.<\/p>\n\n\n\n<p><\/p>\n\n\n\n<p>Pra quem n\u00e3o sabe, o Concurso Nacional Unificado \u00e9 uma proposta do Minist\u00e9rio da Gest\u00e3o e Inova\u00e7\u00e3o em Servi\u00e7os P\u00fablicos para preencher as vagas do Poder Executivo autorizadas em 2023, por meio de um&nbsp;<strong>\u00fanico concurso.<\/strong><\/p>\n\n\n\n<p>Esse modelo ficou conhecido como\u00a0\u201cEnem dos Concursos\u201d,\u00a0e ser\u00e1 realizado simultaneamente, no primeiro trimestre de 2024, em\u00a0<strong>179 cidades<\/strong>\u00a0espalhadas por todo o pa\u00eds.<\/p>\n\n\n\n<p><\/p>\n\n\n\n<ul>\n<li><strong>Confira: <\/strong><a href=\"https:\/\/www.maxieduca.com.br\/apostilas\/apostila-preparatoria-ibge-2023-tecnico-em-informacoes-geograficas-e-estatisticas\">Apostila Preparat\u00f3ria IBGE 2023 T\u00e9cnico em Informa\u00e7\u00f5es Geogr\u00e1ficas e Estat\u00edsticas<\/a><\/li>\n\n\n\n<li><strong>Confira: <\/strong><a href=\"https:\/\/www.maxieduca.com.br\/apostilas\/apostila-preparatoria-ibge-2023--comum-aos-cargos-de-analista-de-planejamento-gestao-e-infraestrutura-em-informacoes-geograficas-e-estatisticas-e-tecnologista-em-informacoes-geograficas-e-estatisticas\">Apostila Preparat\u00f3ria IBGE 2023 Analista de Planejamento e Tecnologista em Informa\u00e7\u00f5es Geogr\u00e1ficas e Estat\u00edsticas<\/a><\/li>\n<\/ul>\n\n\n\n<p><\/p>\n\n\n\n<h2 class=\"wp-block-heading\">Vagas, cargos e sal\u00e1rios IBGE efetivos<\/h2>\n\n\n\n<p>O concurso IBGE efetivos visa o preenchimento de <strong>895 vagas de n\u00edvel m\u00e9dio e superior,<\/strong>\u00a0sendo:<\/p>\n\n\n\n<ul id=\"block-7e863c95-f7e0-4f20-8dbe-28ba96ab9ccf\">\n<li><strong>N\u00edvel M\u00e9dio<\/strong>\n<ul>\n<li>T\u00e9cnico em Informa\u00e7\u00f5es Geogr\u00e1ficas e Estat\u00edsticas:\u00a0300 vagas.<\/li>\n<\/ul>\n<\/li>\n<\/ul>\n\n\n\n<p><\/p>\n\n\n\n<ul id=\"block-7e863c95-f7e0-4f20-8dbe-28ba96ab9ccf\">\n<li><strong>N\u00edvel Superior<\/strong>\n<ul>\n<li>Analista de Planejamento, Gest\u00e3o e Infraestrutura em Informa\u00e7\u00f5es Geogr\u00e1ficas e Estat\u00edsticas:&nbsp;275 vagas;<\/li>\n\n\n\n<li>Tecnologista em Informa\u00e7\u00f5es Geogr\u00e1ficas e Estat\u00edsticas:&nbsp;312 vagas;<\/li>\n\n\n\n<li>Pesquisador em Informa\u00e7\u00f5es Geogr\u00e1ficas e Estat\u00edsticas:\u00a08 vagas.<\/li>\n<\/ul>\n<\/li>\n<\/ul>\n\n\n\n<p><\/p>\n\n\n\n<p>Os aprovados ser\u00e3o remunerados com<strong> sal\u00e1rios iniciais <\/strong>de:<\/p>\n\n\n\n<ul>\n<li>T\u00e9cnico\n<ul>\n<li>Inicial: R$ 3.997,32<\/li>\n<\/ul>\n<\/li>\n<\/ul>\n\n\n\n<p><\/p>\n\n\n\n<ul>\n<li>Analista\n<ul>\n<li>Inicial: R$ 9.252,43<\/li>\n\n\n\n<li>Final: R$ 11.346,61<\/li>\n<\/ul>\n<\/li>\n<\/ul>\n\n\n\n<p><\/p>\n\n\n\n<ul>\n<li>Pesquisador\n<ul>\n<li>Inicial: R$ 10.234,07<\/li>\n\n\n\n<li>Final: 12.707,87<\/li>\n<\/ul>\n<\/li>\n<\/ul>\n\n\n\n<p><\/p>\n\n\n\n<ul>\n<li>Tecnologista\n<ul>\n<li>Inicial: R$ 9.252,43<\/li>\n\n\n\n<li>Final: R$ 11.346,61<\/li>\n<\/ul>\n<\/li>\n<\/ul>\n\n\n\n<p><\/p>\n\n\n\n<p>Al\u00e9m disso, receber\u00e3o\u00a0<strong>aux\u00edlio-alimenta\u00e7\u00e3o<\/strong>\u00a0no valor de R$ 658,00.<\/p>\n\n\n\n<h2 class=\"wp-block-heading\">Quais as atribui\u00e7\u00f5es dos servidores IBGE efetivos?<\/h2>\n\n\n\n<p>Entre as fun\u00e7\u00f5es dos aprovados, est\u00e3o:<\/p>\n\n\n\n<p><strong>T\u00e9cnico em Informa\u00e7\u00f5es Geogr\u00e1ficas e Estat\u00edsticas<\/strong>: Coletar dados em diversas fontes, planejar, organizar, criticar, corrigir, lan\u00e7ar, tratar e manter os dados garantindo a sua integridade, confidencialidade, disponibilidade, atualiza\u00e7\u00e3o e fidedignidade; Realizar entrevistas em domic\u00edlios e estabelecimentos informantes para obten\u00e7\u00e3o de dados conforme metodologia e plano de supervis\u00e3o da pesquisa; Realizar levantamentos topogr\u00e1ficos\/geogr\u00e1ficos\/cartogr\u00e1ficos com vistas a manter atualizada a base territorial dos munic\u00edpios; entre outras.<\/p>\n\n\n\n<p><strong>Analista de Planejamento, Gest\u00e3o e Infraestrutura em Informa\u00e7\u00f5es Geogr\u00e1ficas e Estat\u00edsticas:<\/strong>&nbsp;Atividades administrativas e log\u00edsticas relativas ao exerc\u00edcio das compet\u00eancias institucionais e legais a cargo do IBGE, conforme estabelecido no artigo 71, incisos II e IV, da Lei n\u00ba 11.355, de 19 de outubro de 2006.<\/p>\n\n\n\n<p><strong>Tecnologista em Informa\u00e7\u00f5es Geogr\u00e1ficas e Estat\u00edsticas<\/strong>: Atividades especializadas de ensino e pesquisa cient\u00edfica, tecnol\u00f3gica e metodol\u00f3gica em mat\u00e9ria estat\u00edstica, geogr\u00e1fica, cartogr\u00e1fica, geod\u00e9sica e ambiental.<\/p>\n\n\n\n<p><strong>Pesquisador em Informa\u00e7\u00f5es Geogr\u00e1ficas e Estat\u00edsticas:&nbsp;<\/strong>Atividades especializadas de produ\u00e7\u00e3o, an\u00e1lise e dissemina\u00e7\u00e3o de dados e informa\u00e7\u00f5es de natureza estat\u00edstica, geogr\u00e1fica, cartogr\u00e1fica, geod\u00e9sica e ambiental.<\/p>\n\n\n\n<h2 class=\"wp-block-heading\">Etapas de sele\u00e7\u00e3o<\/h2>\n\n\n\n<p>Os candidatos ser\u00e3o avaliados no Concurso Nacional Unificado, que ter\u00e1 <strong>duas etapas:<\/strong><\/p>\n\n\n\n<ul>\n<li>Provas objetivas de aplica\u00e7\u00e3o comum a todos os candidatos e candidatas;<\/li>\n\n\n\n<li>Provas objetivas e dissertativas espec\u00edficas por blocos tem\u00e1ticos.<\/li>\n<\/ul>\n\n\n\n<p><\/p>\n\n\n\n<p>Nas&nbsp;<strong>provas objetivas<\/strong>&nbsp;para todos os cargos ser\u00e3o cobradas disciplinas ligadas \u00e0 valoriza\u00e7\u00e3o do&nbsp;<em>ethos<\/em>&nbsp;p\u00fablico, da realidade brasileira, inclus\u00e3o, diversidade, direitos humanos, pol\u00edticas p\u00fablicas e desenvolvimento nacional.<\/p>\n\n\n\n<p>Al\u00e9m de disciplinas tradicionais em concursos p\u00fablicos, como conhecimentos sobre as bases constitucionais, estrutura e funcionamento do Estado e da Administra\u00e7\u00e3o P\u00fablica, Direito Administrativo, L\u00edngua Portuguesa e Racioc\u00ednio L\u00f3gico.<\/p>\n\n\n\n<p>Por outro lado, as\u00a0<strong>provas espec\u00edficas\u00a0<\/strong>por blocos tem\u00e1ticos abordar\u00e3o temas limitados aos blocos tem\u00e1ticos pr\u00e9-estabelecidos, numa concep\u00e7\u00e3o em que se busque avaliar as aptid\u00f5es e compet\u00eancias dos candidatos.<\/p>\n\n\n\n<p>O IBGE \u00e9 apenas um, dos&nbsp;<strong>21 \u00f3rg\u00e3os<\/strong>&nbsp;federais que aderiu ao Concurso Nacional Unificado.<\/p>\n\n\n\n<p>Juntos, ser\u00e3o ofertadas&nbsp;<strong>6.640 vagas<\/strong>&nbsp;de n\u00edveis m\u00e9dio t\u00e9cnico e superior.<\/p>\n","protected":false},"excerpt":{"rendered":"<p>O presidente do Instituto Brasileiro de Geografia e Estat\u00edstica afirmou [&hellip;]<\/p>\n","protected":false},"author":73,"featured_media":21913,"comment_status":"open","ping_status":"open","sticky":false,"template":"","format":"standard","meta":[],"categories":[214],"tags":[],"acf":[],"yoast_head":"<!-- This site is optimized with the Yoast SEO plugin v20.7 - https:\/\/yoast.com\/wordpress\/plugins\/seo\/ -->\n<title>Concurso IBGE efetivos: Edital em dezembro com 895 vagas!<\/title>\n<meta name=\"description\" content=\"O presidente do IBGE afirmou que o concurso IBGE efetivos ser\u00e1 &quot;o maior da hist\u00f3ria&quot; em termos quantitativos. Confira os detalhes!\" \/>\n<meta name=\"robots\" content=\"index, follow, max-snippet:-1, max-image-preview:large, max-video-preview:-1\" \/>\n<link rel=\"canonical\" href=\"https:\/\/www.maxieduca.com.br\/blog\/noticias\/concurso-ibge-efetivos-edital-em-dezembro-com-895-vagas\/\" \/>\n<meta property=\"og:locale\" content=\"pt_BR\" \/>\n<meta property=\"og:type\" content=\"article\" \/>\n<meta property=\"og:title\" content=\"Concurso IBGE efetivos: Edital em dezembro com 895 vagas!\" \/>\n<meta property=\"og:description\" content=\"O presidente do IBGE afirmou que o concurso IBGE efetivos ser\u00e1 &quot;o maior da hist\u00f3ria&quot; em termos quantitativos. Confira os detalhes!\" \/>\n<meta property=\"og:url\" content=\"https:\/\/www.maxieduca.com.br\/blog\/noticias\/concurso-ibge-efetivos-edital-em-dezembro-com-895-vagas\/\" \/>\n<meta property=\"og:site_name\" content=\"Blog Maxi Educa\" \/>\n<meta property=\"article:published_time\" content=\"2023-11-17T14:36:21+00:00\" \/>\n<meta property=\"article:modified_time\" content=\"2023-11-17T14:36:23+00:00\" \/>\n<meta property=\"og:image\" content=\"https:\/\/www.maxieduca.com.br\/blog\/wp-content\/uploads\/2023\/07\/IBGE.jpeg\" \/>\n\t<meta property=\"og:image:width\" content=\"1200\" \/>\n\t<meta property=\"og:image:height\" content=\"630\" \/>\n\t<meta property=\"og:image:type\" content=\"image\/jpeg\" \/>\n<meta name=\"author\" content=\"Ana Luisa Marques\" \/>\n<meta name=\"twitter:card\" content=\"summary_large_image\" \/>\n<meta name=\"twitter:label1\" content=\"Written by\" \/>\n\t<meta name=\"twitter:data1\" content=\"Ana Luisa Marques\" \/>\n\t<meta name=\"twitter:label2\" content=\"Est. reading time\" \/>\n\t<meta name=\"twitter:data2\" content=\"4 minutos\" \/>\n<script type=\"application\/ld+json\" class=\"yoast-schema-graph\">{\"@context\":\"https:\/\/schema.org\",\"@graph\":[{\"@type\":\"Article\",\"@id\":\"https:\/\/www.maxieduca.com.br\/blog\/noticias\/concurso-ibge-efetivos-edital-em-dezembro-com-895-vagas\/#article\",\"isPartOf\":{\"@id\":\"https:\/\/www.maxieduca.com.br\/blog\/noticias\/concurso-ibge-efetivos-edital-em-dezembro-com-895-vagas\/\"},\"author\":{\"name\":\"Ana Luisa Marques\",\"@id\":\"https:\/\/www.maxieduca.com.br\/blog\/#\/schema\/person\/8fa330df679142b3ee376c639f23fdcf\"},\"headline\":\"Concurso IBGE efetivos: Edital em dezembro com 895 vagas!\",\"datePublished\":\"2023-11-17T14:36:21+00:00\",\"dateModified\":\"2023-11-17T14:36:23+00:00\",\"mainEntityOfPage\":{\"@id\":\"https:\/\/www.maxieduca.com.br\/blog\/noticias\/concurso-ibge-efetivos-edital-em-dezembro-com-895-vagas\/\"},\"wordCount\":739,\"commentCount\":0,\"publisher\":{\"@id\":\"https:\/\/www.maxieduca.com.br\/blog\/#organization\"},\"articleSection\":[\"Not\u00edcias\"],\"inLanguage\":\"pt-BR\",\"potentialAction\":[{\"@type\":\"CommentAction\",\"name\":\"Comment\",\"target\":[\"https:\/\/www.maxieduca.com.br\/blog\/noticias\/concurso-ibge-efetivos-edital-em-dezembro-com-895-vagas\/#respond\"]}]},{\"@type\":\"WebPage\",\"@id\":\"https:\/\/www.maxieduca.com.br\/blog\/noticias\/concurso-ibge-efetivos-edital-em-dezembro-com-895-vagas\/\",\"url\":\"https:\/\/www.maxieduca.com.br\/blog\/noticias\/concurso-ibge-efetivos-edital-em-dezembro-com-895-vagas\/\",\"name\":\"Concurso IBGE efetivos: Edital em dezembro com 895 vagas!\",\"isPartOf\":{\"@id\":\"https:\/\/www.maxieduca.com.br\/blog\/#website\"},\"datePublished\":\"2023-11-17T14:36:21+00:00\",\"dateModified\":\"2023-11-17T14:36:23+00:00\",\"description\":\"O presidente do IBGE afirmou que o concurso IBGE efetivos ser\u00e1 \\\"o maior da hist\u00f3ria\\\" em termos quantitativos. Confira os detalhes!\",\"breadcrumb\":{\"@id\":\"https:\/\/www.maxieduca.com.br\/blog\/noticias\/concurso-ibge-efetivos-edital-em-dezembro-com-895-vagas\/#breadcrumb\"},\"inLanguage\":\"pt-BR\",\"potentialAction\":[{\"@type\":\"ReadAction\",\"target\":[\"https:\/\/www.maxieduca.com.br\/blog\/noticias\/concurso-ibge-efetivos-edital-em-dezembro-com-895-vagas\/\"]}]},{\"@type\":\"BreadcrumbList\",\"@id\":\"https:\/\/www.maxieduca.com.br\/blog\/noticias\/concurso-ibge-efetivos-edital-em-dezembro-com-895-vagas\/#breadcrumb\",\"itemListElement\":[{\"@type\":\"ListItem\",\"position\":1,\"name\":\"In\u00edcio\",\"item\":\"https:\/\/www.maxieduca.com.br\/blog\/\"},{\"@type\":\"ListItem\",\"position\":2,\"name\":\"Concurso IBGE efetivos: Edital em dezembro com 895 vagas!\"}]},{\"@type\":\"WebSite\",\"@id\":\"https:\/\/www.maxieduca.com.br\/blog\/#website\",\"url\":\"https:\/\/www.maxieduca.com.br\/blog\/\",\"name\":\"Blog Maxi Educa\",\"description\":\"Dicas de concursos, apostilas e vestibulares\",\"publisher\":{\"@id\":\"https:\/\/www.maxieduca.com.br\/blog\/#organization\"},\"potentialAction\":[{\"@type\":\"SearchAction\",\"target\":{\"@type\":\"EntryPoint\",\"urlTemplate\":\"https:\/\/www.maxieduca.com.br\/blog\/?s={search_term_string}\"},\"query-input\":\"required name=search_term_string\"}],\"inLanguage\":\"pt-BR\"},{\"@type\":\"Organization\",\"@id\":\"https:\/\/www.maxieduca.com.br\/blog\/#organization\",\"name\":\"Maxi Educa - Instituto maximize educa\u00e7\u00e3o\",\"url\":\"https:\/\/www.maxieduca.com.br\/blog\/\",\"logo\":{\"@type\":\"ImageObject\",\"inLanguage\":\"pt-BR\",\"@id\":\"https:\/\/www.maxieduca.com.br\/blog\/#\/schema\/logo\/image\/\",\"url\":\"https:\/\/blog.maxieduca.com.br\/wp-content\/uploads\/2016\/11\/logo-colorida.png\",\"contentUrl\":\"https:\/\/blog.maxieduca.com.br\/wp-content\/uploads\/2016\/11\/logo-colorida.png\",\"width\":228,\"height\":115,\"caption\":\"Maxi Educa - Instituto maximize educa\u00e7\u00e3o\"},\"image\":{\"@id\":\"https:\/\/www.maxieduca.com.br\/blog\/#\/schema\/logo\/image\/\"}},{\"@type\":\"Person\",\"@id\":\"https:\/\/www.maxieduca.com.br\/blog\/#\/schema\/person\/8fa330df679142b3ee376c639f23fdcf\",\"name\":\"Ana Luisa Marques\",\"image\":{\"@type\":\"ImageObject\",\"inLanguage\":\"pt-BR\",\"@id\":\"https:\/\/www.maxieduca.com.br\/blog\/#\/schema\/person\/image\/\",\"url\":\"https:\/\/secure.gravatar.com\/avatar\/26ac13a50a6170bbca5fbf013be5aede?s=96&d=mm&r=g\",\"contentUrl\":\"https:\/\/secure.gravatar.com\/avatar\/26ac13a50a6170bbca5fbf013be5aede?s=96&d=mm&r=g\",\"caption\":\"Ana Luisa Marques\"},\"url\":\"https:\/\/www.maxieduca.com.br\/blog\/author\/ana-luisa\/\"}]}<\/script>\n<!-- \/ Yoast SEO plugin. -->","yoast_head_json":{"title":"Concurso IBGE efetivos: Edital em dezembro com 895 vagas!","description":"O presidente do IBGE afirmou que o concurso IBGE efetivos ser\u00e1 \"o maior da hist\u00f3ria\" em termos quantitativos. Confira os detalhes!","robots":{"index":"index","follow":"follow","max-snippet":"max-snippet:-1","max-image-preview":"max-image-preview:large","max-video-preview":"max-video-preview:-1"},"canonical":"https:\/\/www.maxieduca.com.br\/blog\/noticias\/concurso-ibge-efetivos-edital-em-dezembro-com-895-vagas\/","og_locale":"pt_BR","og_type":"article","og_title":"Concurso IBGE efetivos: Edital em dezembro com 895 vagas!","og_description":"O presidente do IBGE afirmou que o concurso IBGE efetivos ser\u00e1 \"o maior da hist\u00f3ria\" em termos quantitativos. Confira os detalhes!","og_url":"https:\/\/www.maxieduca.com.br\/blog\/noticias\/concurso-ibge-efetivos-edital-em-dezembro-com-895-vagas\/","og_site_name":"Blog Maxi Educa","article_published_time":"2023-11-17T14:36:21+00:00","article_modified_time":"2023-11-17T14:36:23+00:00","og_image":[{"width":1200,"height":630,"url":"https:\/\/www.maxieduca.com.br\/blog\/wp-content\/uploads\/2023\/07\/IBGE.jpeg","type":"image\/jpeg"}],"author":"Ana Luisa Marques","twitter_card":"summary_large_image","twitter_misc":{"Written by":"Ana Luisa Marques","Est. reading time":"4 minutos"},"schema":{"@context":"https:\/\/schema.org","@graph":[{"@type":"Article","@id":"https:\/\/www.maxieduca.com.br\/blog\/noticias\/concurso-ibge-efetivos-edital-em-dezembro-com-895-vagas\/#article","isPartOf":{"@id":"https:\/\/www.maxieduca.com.br\/blog\/noticias\/concurso-ibge-efetivos-edital-em-dezembro-com-895-vagas\/"},"author":{"name":"Ana Luisa Marques","@id":"https:\/\/www.maxieduca.com.br\/blog\/#\/schema\/person\/8fa330df679142b3ee376c639f23fdcf"},"headline":"Concurso IBGE efetivos: Edital em dezembro com 895 vagas!","datePublished":"2023-11-17T14:36:21+00:00","dateModified":"2023-11-17T14:36:23+00:00","mainEntityOfPage":{"@id":"https:\/\/www.maxieduca.com.br\/blog\/noticias\/concurso-ibge-efetivos-edital-em-dezembro-com-895-vagas\/"},"wordCount":739,"commentCount":0,"publisher":{"@id":"https:\/\/www.maxieduca.com.br\/blog\/#organization"},"articleSection":["Not\u00edcias"],"inLanguage":"pt-BR","potentialAction":[{"@type":"CommentAction","name":"Comment","target":["https:\/\/www.maxieduca.com.br\/blog\/noticias\/concurso-ibge-efetivos-edital-em-dezembro-com-895-vagas\/#respond"]}]},{"@type":"WebPage","@id":"https:\/\/www.maxieduca.com.br\/blog\/noticias\/concurso-ibge-efetivos-edital-em-dezembro-com-895-vagas\/","url":"https:\/\/www.maxieduca.com.br\/blog\/noticias\/concurso-ibge-efetivos-edital-em-dezembro-com-895-vagas\/","name":"Concurso IBGE efetivos: Edital em dezembro com 895 vagas!","isPartOf":{"@id":"https:\/\/www.maxieduca.com.br\/blog\/#website"},"datePublished":"2023-11-17T14:36:21+00:00","dateModified":"2023-11-17T14:36:23+00:00","description":"O presidente do IBGE afirmou que o concurso IBGE efetivos ser\u00e1 \"o maior da hist\u00f3ria\" em termos quantitativos. Confira os detalhes!","breadcrumb":{"@id":"https:\/\/www.maxieduca.com.br\/blog\/noticias\/concurso-ibge-efetivos-edital-em-dezembro-com-895-vagas\/#breadcrumb"},"inLanguage":"pt-BR","potentialAction":[{"@type":"ReadAction","target":["https:\/\/www.maxieduca.com.br\/blog\/noticias\/concurso-ibge-efetivos-edital-em-dezembro-com-895-vagas\/"]}]},{"@type":"BreadcrumbList","@id":"https:\/\/www.maxieduca.com.br\/blog\/noticias\/concurso-ibge-efetivos-edital-em-dezembro-com-895-vagas\/#breadcrumb","itemListElement":[{"@type":"ListItem","position":1,"name":"In\u00edcio","item":"https:\/\/www.maxieduca.com.br\/blog\/"},{"@type":"ListItem","position":2,"name":"Concurso IBGE efetivos: Edital em dezembro com 895 vagas!"}]},{"@type":"WebSite","@id":"https:\/\/www.maxieduca.com.br\/blog\/#website","url":"https:\/\/www.maxieduca.com.br\/blog\/","name":"Blog Maxi Educa","description":"Dicas de concursos, apostilas e vestibulares","publisher":{"@id":"https:\/\/www.maxieduca.com.br\/blog\/#organization"},"potentialAction":[{"@type":"SearchAction","target":{"@type":"EntryPoint","urlTemplate":"https:\/\/www.maxieduca.com.br\/blog\/?s={search_term_string}"},"query-input":"required name=search_term_string"}],"inLanguage":"pt-BR"},{"@type":"Organization","@id":"https:\/\/www.maxieduca.com.br\/blog\/#organization","name":"Maxi Educa - Instituto maximize educa\u00e7\u00e3o","url":"https:\/\/www.maxieduca.com.br\/blog\/","logo":{"@type":"ImageObject","inLanguage":"pt-BR","@id":"https:\/\/www.maxieduca.com.br\/blog\/#\/schema\/logo\/image\/","url":"https:\/\/blog.maxieduca.com.br\/wp-content\/uploads\/2016\/11\/logo-colorida.png","contentUrl":"https:\/\/blog.maxieduca.com.br\/wp-content\/uploads\/2016\/11\/logo-colorida.png","width":228,"height":115,"caption":"Maxi Educa - Instituto maximize educa\u00e7\u00e3o"},"image":{"@id":"https:\/\/www.maxieduca.com.br\/blog\/#\/schema\/logo\/image\/"}},{"@type":"Person","@id":"https:\/\/www.maxieduca.com.br\/blog\/#\/schema\/person\/8fa330df679142b3ee376c639f23fdcf","name":"Ana Luisa Marques","image":{"@type":"ImageObject","inLanguage":"pt-BR","@id":"https:\/\/www.maxieduca.com.br\/blog\/#\/schema\/person\/image\/","url":"https:\/\/secure.gravatar.com\/avatar\/26ac13a50a6170bbca5fbf013be5aede?s=96&d=mm&r=g","contentUrl":"https:\/\/secure.gravatar.com\/avatar\/26ac13a50a6170bbca5fbf013be5aede?s=96&d=mm&r=g","caption":"Ana Luisa Marques"},"url":"https:\/\/www.maxieduca.com.br\/blog\/author\/ana-luisa\/"}]}},"_links":{"self":[{"href":"https:\/\/www.maxieduca.com.br\/blog\/wp-json\/wp\/v2\/posts\/24594"}],"collection":[{"href":"https:\/\/www.maxieduca.com.br\/blog\/wp-json\/wp\/v2\/posts"}],"about":[{"href":"https:\/\/www.maxieduca.com.br\/blog\/wp-json\/wp\/v2\/types\/post"}],"author":[{"embeddable":true,"href":"https:\/\/www.maxieduca.com.br\/blog\/wp-json\/wp\/v2\/users\/73"}],"replies":[{"embeddable":true,"href":"https:\/\/www.maxieduca.com.br\/blog\/wp-json\/wp\/v2\/comments?post=24594"}],"version-history":[{"count":4,"href":"https:\/\/www.maxieduca.com.br\/blog\/wp-json\/wp\/v2\/posts\/24594\/revisions"}],"predecessor-version":[{"id":24598,"href":"https:\/\/www.maxieduca.com.br\/blog\/wp-json\/wp\/v2\/posts\/24594\/revisions\/24598"}],"wp:featuredmedia":[{"embeddable":true,"href":"https:\/\/www.maxieduca.com.br\/blog\/wp-json\/wp\/v2\/media\/21913"}],"wp:attachment":[{"href":"https:\/\/www.maxieduca.com.br\/blog\/wp-json\/wp\/v2\/media?parent=24594"}],"wp:term":[{"taxonomy":"category","embeddable":true,"href":"https:\/\/www.maxieduca.com.br\/blog\/wp-json\/wp\/v2\/categories?post=24594"},{"taxonomy":"post_tag","embeddable":true,"href":"https:\/\/www.maxieduca.com.br\/blog\/wp-json\/wp\/v2\/tags?post=24594"}],"curies":[{"name":"wp","href":"https:\/\/api.w.org\/{rel}","templated":true}]}}