{"id":24398,"date":"2023-11-09T08:53:18","date_gmt":"2023-11-09T11:53:18","guid":{"rendered":"https:\/\/www.maxieduca.com.br\/blog\/?p=24398"},"modified":"2023-11-09T08:53:20","modified_gmt":"2023-11-09T11:53:20","slug":"saiu-um-novo-edital-da-prefeitura-de-rio-verde-326-vagas","status":"publish","type":"post","link":"https:\/\/www.maxieduca.com.br\/blog\/noticias\/saiu-um-novo-edital-da-prefeitura-de-rio-verde-326-vagas\/","title":{"rendered":"Saiu um novo edital da Prefeitura de Rio Verde: 326 vagas!"},"content":{"rendered":"\n<p>Saiu um novo edital da Prefeitura de Rio Verde &#8211; GO, com oferta de <strong>326 vagas de n\u00edvel fundamental!<\/strong><\/p>\n\n\n\n<p>As oportunidades s\u00e3o para <strong>homens e mulheres<\/strong> nas carreiras de Merendeira, Coveiro, Cozinheiro, Motorista, Vigia e Auxiliar. Veja os detalhes!<\/p>\n\n\n\n<ul>\n<li><strong>Confira:<\/strong> <a href=\"https:\/\/www.maxieduca.com.br\/apostilas\/apostila-prefeitura-de-rio-verde-go-2023--motorista-de-veiculos-leves\">Apostila Prefeitura de Rio Verde &#8211; GO &#8211; Motorista de Ve\u00edculos Leves<\/a><\/li>\n\n\n\n<li><strong>Confira:<\/strong> <a href=\"https:\/\/www.maxieduca.com.br\/apostilas\/apostila-prefeitura-de-rio-verde-go-2023-ensino-fundamental-completo-coveiro-e-cozinheiro\">Apostila Prefeitura de Rio Verde &#8211; GO &#8211; Coveiro e Cozinheiro<\/a><\/li>\n<\/ul>\n\n\n\n<p><\/p>\n\n\n\n<h2 class=\"wp-block-heading\">Resumo do edital<\/h2>\n\n\n\n<p><\/p>\n\n\n\n<ul>\n<li>Vagas: 326<\/li>\n\n\n\n<li>Cargo: Merendeira, Coveiro, Cozinheiro, Motorista, Vigia, Auxiliar<\/li>\n\n\n\n<li>Escolaridade: N\u00edvel Fundamental<\/li>\n\n\n\n<li>Banca: UniRV<\/li>\n\n\n\n<li>Sal\u00e1rio: R$ 1.419,37 <\/li>\n\n\n\n<li>Per\u00edodo de inscri\u00e7\u00f5es: 11\/12\/2023 at\u00e9 15\/01\/2023<\/li>\n\n\n\n<li>Taxa: R$ 55,00<\/li>\n\n\n\n<li>Prova: 18\/02\/2024<\/li>\n\n\n\n<li><a href=\"http:\/\/www.vestibularunirv.com.br\/unirv\/vest\/fckfiles\/files\/Edital%20002-2023%20-%20Prefeitura%20de%20Rio%20Verde.pdf\" target=\"_blank\" rel=\"noreferrer noopener\">Edital<\/a><\/li>\n<\/ul>\n\n\n\n<p><\/p>\n\n\n\n<h2 class=\"wp-block-heading\">Como realizar a inscri\u00e7\u00e3o no concurso Prefeitura de Rio Verde?<\/h2>\n\n\n\n<p>Os interessados em uma das vagas devem realizar as inscri\u00e7\u00f5es no site da banca, a <a href=\"https:\/\/concurso.vestibularunirv.com.br\/pagina\/index.php?id=217\" target=\"_blank\" rel=\"noreferrer noopener\">UniRV,<\/a> entre os dias <strong>11 de dezembro de 2023 e 15 de janeiro de 2023<\/strong>.<\/p>\n\n\n\n<p>Ap\u00f3s preencher o formul\u00e1rio com os dados solicitados, ser\u00e1 necess\u00e1rio efetuar o pagamento da taxa de inscri\u00e7\u00e3o no valor de R$ 55,00 para que a candidatura seja homologada.<\/p>\n\n\n\n<p>Haver\u00e1<strong> isen\u00e7\u00e3o da taxa de participa\u00e7\u00e3o <\/strong>para aqueles que se enquadrarem nos seguintes quesitos:<\/p>\n\n\n\n<ul>\n<li>Ser membro de fam\u00edlia de baixa renda, com inscri\u00e7\u00e3o v\u00e1lida no Cadastro \u00danico para Programas Sociais do Governo Federal (Cad\u00danico), de acordo com o Decreto n\u00ba 11.016, de 29 de mar\u00e7o de 2022; ou<\/li>\n\n\n\n<li>Estar regularmente cadastrado no Registro Brasileiro de Doadores de Medula \u00d3ssea (REDOME), respeitado o limite de isen\u00e7\u00f5es a ser concedido, neste caso, para at\u00e9 10% do n\u00famero de vagas juntamente com o cadastro de reserva de cada cargo, obedecida a ordem cronol\u00f3gica das inscri\u00e7\u00f5es, nos termos do Decreto Municipal 2.649, de 12 de julho de 2022.<\/li>\n<\/ul>\n\n\n\n<p><\/p>\n\n\n\n<p>O pedido dever\u00e1 ser realizado entre os dias\u00a0<strong>13 e 19 de dezembro de 2023<\/strong>, tamb\u00e9m no site da banca.<\/p>\n\n\n\n<h2 class=\"wp-block-heading\">Vagas, cargos e sal\u00e1rios do concurso Prefeitura de Rio Verde<\/h2>\n\n\n\n<p>O concurso visa o preenchimento de 326 vagas imediatas e a forma\u00e7\u00e3o de um cadastro reserva para cargos de n\u00edvel fundamental, nas seguintes especialidades:<\/p>\n\n\n\n<p><strong>Zona Rural<\/strong><\/p>\n\n\n\n<ul>\n<li>Cozinheiro (8)<\/li>\n<\/ul>\n\n\n\n<p><\/p>\n\n\n\n<p><strong>Distrito de Riverl\u00e2ndia<\/strong><\/p>\n\n\n\n<ul>\n<li>Auxiliar de Manuten\u00e7\u00e3o e Servi\u00e7\u00f5es Pesados (7)<\/li>\n\n\n\n<li>Coveiro (1)<\/li>\n\n\n\n<li>Merendeira (3)<\/li>\n<\/ul>\n\n\n\n<p><\/p>\n\n\n\n<p><strong>Zona Rural &#8211; EMREF \u00c1gua Mansa Coqueiros<\/strong><\/p>\n\n\n\n<ul>\n<li>Merendeira (2)<\/li>\n<\/ul>\n\n\n\n<p><\/p>\n\n\n\n<p><strong>Zona Rural &#8211; EMREF Breno de Ara\u00fajo<\/strong><\/p>\n\n\n\n<ul>\n<li>Merendeira (2)<\/li>\n<\/ul>\n\n\n\n<p><\/p>\n\n\n\n<p><strong>Distrito de Ouroana<\/strong><\/p>\n\n\n\n<ul>\n<li>Auxiliar de Manuten\u00e7\u00e3o e Servi\u00e7\u00f5es Pesados (8)<\/li>\n\n\n\n<li>Coveiro (1)<\/li>\n<\/ul>\n\n\n\n<p><\/p>\n\n\n\n<p><strong>Zona Rural &#8211; EMREF Cabeceira Alta<\/strong><\/p>\n\n\n\n<ul>\n<li>Merendeira (3)<\/li>\n<\/ul>\n\n\n\n<p><\/p>\n\n\n\n<p><strong>Zona Rural &#8211; EMREF Escadinha do Futuro<\/strong><\/p>\n\n\n\n<ul>\n<li>Merendeira (2)<\/li>\n<\/ul>\n\n\n\n<p><\/p>\n\n\n\n<p><strong>Distrito de Lagoa do Bauzinho<\/strong><\/p>\n\n\n\n<ul>\n<li>Auxiliar de Manuten\u00e7\u00e3o e Servi\u00e7\u00f5es Pesados (10)<\/li>\n\n\n\n<li>Coveiro (1)<\/li>\n\n\n\n<li>Cozinheiro (1)<\/li>\n\n\n\n<li>Merendeira (1)<\/li>\n\n\n\n<li>Motorista de Ve\u00edculos Leves (1)<\/li>\n\n\n\n<li>Vigia (1)<\/li>\n<\/ul>\n\n\n\n<p><\/p>\n\n\n\n<p><strong>Zona Rural &#8211; EMREF Monte Alegre<\/strong><\/p>\n\n\n\n<ul>\n<li>Merendeira (1)<\/li>\n<\/ul>\n\n\n\n<p><\/p>\n\n\n\n<p><strong>Zona Rural &#8211; EMREF S\u00e3o Jos\u00e9 do Pontal<\/strong><\/p>\n\n\n\n<ul>\n<li>Merendeira (2)<\/li>\n<\/ul>\n\n\n\n<p><\/p>\n\n\n\n<p><strong>Rio Verde<\/strong><\/p>\n\n\n\n<ul>\n<li>Auxiliar de Manuten\u00e7\u00e3o e Servi\u00e7\u00f5es Pesados (71)<\/li>\n\n\n\n<li>Costureiro (15)<\/li>\n\n\n\n<li>Coveiro (15)<\/li>\n\n\n\n<li>Cozinheiro (16)<\/li>\n\n\n\n<li>Merendeira (70)<\/li>\n\n\n\n<li>Vigia (80)<\/li>\n<\/ul>\n\n\n\n<p><\/p>\n\n\n\n<p><strong>Zona Rural &#8211; EMREF Sete L\u00e9guas<\/strong><\/p>\n\n\n\n<ul>\n<li>Merendeira (1)<\/li>\n<\/ul>\n\n\n\n<p><\/p>\n\n\n\n<p><strong>Zona Rural &#8211; EMREF Vale do Rio Doce<\/strong><\/p>\n\n\n\n<ul>\n<li>Merendeira (3)<\/li>\n<\/ul>\n\n\n\n<p><\/p>\n\n\n\n<p>Os aprovados ser\u00e3o remunerados com sal\u00e1rios iniciais de R$ 1.419,37 para jornadas de trabalho de 200h mensais.<\/p>\n\n\n\n<ul>\n<li><strong>Adquira:<\/strong> <a href=\"https:\/\/www.maxieduca.com.br\/apostilas\/apostila-prefeitura-de-rio-verde-go-2023-ensino-fundamental-incompleto-auxiliar-de-manutencao-e-servicos-pesados-costureiro-merendeira-e-vigia\">Apostila Prefeitura de Rio Verde &#8211; GO &#8211; Merendeira, Cozinheiro, Vigia e Auxiliar<\/a><\/li>\n<\/ul>\n\n\n\n<p><\/p>\n\n\n\n<h2 class=\"wp-block-heading\">Quais os requisitos para participar do concurso?<\/h2>\n\n\n\n<p>Para participar do concurso, \u00e9 necess\u00e1rio:<\/p>\n\n\n\n<ul>\n<li>Ser brasileiro nato ou naturalizado;<\/li>\n\n\n\n<li>Gozar dos direitos pol\u00edticos;<\/li>\n\n\n\n<li>Estar quite com as obriga\u00e7\u00f5es eleitorais;<\/li>\n\n\n\n<li>Estar quite com as obriga\u00e7\u00f5es do Servi\u00e7o Militar, para candidatos do sexo masculino;<\/li>\n\n\n\n<li>Ter idade m\u00ednima de 18 anos completos no ato da posse, ou devidamente emancipado nos termos da lei civil;<\/li>\n\n\n\n<li>Ter aptid\u00e3o f\u00edsica, mental e psicol\u00f3gica para o exerc\u00edcio das atribui\u00e7\u00f5es do cargo;<\/li>\n\n\n\n<li>Achar-se no pleno exerc\u00edcio dos seus direitos civis e n\u00e3o possuir nenhum impedimento legal para o exerc\u00edcio das fun\u00e7\u00f5es\/atividades do cargo;<\/li>\n\n\n\n<li>N\u00e3o ter sofrido pena de demiss\u00e3o no servi\u00e7o p\u00fablico dentro dos \u00faltimos 05 (cinco) anos;<\/li>\n\n\n\n<li>Apresentar todos os documentos comprobat\u00f3rios exigidos para o cargo pretendido, conforme disposi\u00e7\u00f5es do Edital;<\/li>\n\n\n\n<li>Apresentar exame de sanidade f\u00edsica e mental, comprobat\u00f3ria da aptid\u00e3o necess\u00e1ria para o cargo;<\/li>\n\n\n\n<li>N\u00e3o possuir v\u00ednculo com outro \u00f3rg\u00e3o p\u00fablico que acarrete incompatibilidade de exerc\u00edcio do cargo postulado;<\/li>\n\n\n\n<li>Possuir n\u00edvel de escolaridade para o exerc\u00edcio do cargo, apresentando o t\u00edtulo exigido pela vaga na qual foi aprovado e classificado, devendo apresentar c\u00f3pia autenticada ou c\u00f3pia simples acompanhada do original do Diploma de Gradua\u00e7\u00e3o e\/ou Diploma\/Certificado de Conclus\u00e3o da P\u00f3s-Gradua\u00e7\u00e3o Lato Sensu, conforme as exig\u00eancias espec\u00edficas para o cargo descritas neste Edital e seus anexos, sendo que os diplomas e\/ou certificados obtidos no exterior dever\u00e3o, obrigatoriamente, ser validados pelos \u00f3rg\u00e3os competentes no Brasil, conforme dispuser a legisla\u00e7\u00e3o vigente;<\/li>\n\n\n\n<li>Apresentar comprovante de inscri\u00e7\u00e3o e de regularidade junto \u00e0 Ordem\/Conselho de classe respectivo, conforme o caso, de acordo com a previs\u00e3o contida nas especifica\u00e7\u00f5es deste Edital, seus anexos e legisla\u00e7\u00e3o aplic\u00e1vel;<\/li>\n\n\n\n<li>Apresentar todos os documentos comprobat\u00f3rios exigidos para o cargo pretendido, conforme disposi\u00e7\u00f5es deste Edital e seus anexos, bem como outros documentos que se fizerem necess\u00e1rios \u00e0 \u00e9poca da posse, em respeito \u00e0 legisla\u00e7\u00e3o vigente;<\/li>\n\n\n\n<li>Possuir idoneidade moral, a ser comprovada.<\/li>\n<\/ul>\n\n\n\n<p><\/p>\n\n\n\n<h2 class=\"wp-block-heading\">Como ser\u00e3o as provas do concurso Prefeitura de Rio Verde?<\/h2>\n\n\n\n<p>O concurso tem tr\u00eas etapas avaliativas:<\/p>\n\n\n\n<ul>\n<li>Prova Objetiva, de car\u00e1ter\u00a0eliminat\u00f3rio\u00a0e\u00a0classificat\u00f3rio, para todos os cargos;<\/li>\n\n\n\n<li>Prova Pr\u00e1tica, de car\u00e1ter\u00a0eliminat\u00f3rio\u00a0e\u00a0classificat\u00f3rio, para os cargos de Costureiro, Coveiro, Cozinheiro e Merendeira.<\/li>\n\n\n\n<li>Teste de Capacidade F\u00edsica, de car\u00e1ter\u00a0eliminat\u00f3rio\u00a0e\u00a0classificat\u00f3rio, para o cargo de Auxiliar de Manuten\u00e7\u00e3o e Servi\u00e7\u00f5es Pesados.<\/li>\n<\/ul>\n\n\n\n<p><\/p>\n\n\n\n<p>A prova objetiva ser\u00e1 aplicada no dia <strong>18 de fevereiro de 2024,<\/strong> ter\u00e1 4h de dura\u00e7\u00e3o e consistir\u00e1 em quest\u00f5es de m\u00faltipla escolha sobre as disciplinas de:<\/p>\n\n\n\n<ul>\n<li>L\u00edngua Portuguesa<\/li>\n\n\n\n<li>Matem\u00e1tica<\/li>\n\n\n\n<li>Conhecimentos Espec\u00edficos<\/li>\n<\/ul>\n\n\n\n<p><\/p>\n\n\n\n<p>Essa etapa ser\u00e1 avaliada em escala de 0 a 100 pontos e ser\u00e1 necess\u00e1rio obter, no m\u00ednimo, 50 pontos para garantir a aprova\u00e7\u00e3o.<\/p>\n\n\n\n<p>Os classificados ser\u00e3o convocados para a prova pr\u00e1tica que consistir\u00e1 na realiza\u00e7\u00e3o das seguintes atividades:<\/p>\n\n\n\n<ul>\n<li><strong>Costureiro<\/strong>\n<ul>\n<li>Fiar a m\u00e1quina, e, costurar uma camiseta, modelo uniforme municipal infantil.\n<ul>\n<li>Etapa 1: fiar a m\u00e1quina;<\/li>\n\n\n\n<li>Etapa 2: utilizando o tecido j\u00e1 cortado pela equipe, o candidato deve aplicar ribana (acabamento \u201cem punho\u201d) na gola e mangas, utilizando m\u00e1quina galoneira;<\/li>\n\n\n\n<li>Etapa 3: o candidato deve unir as mangas ao corpo da<br>pe\u00e7a, e realizar o fechamento lateral do tecido, utilizando<br>m\u00e1quina overlock;<\/li>\n\n\n\n<li>Etapa 4: o candidato deve fazer a barra da camiseta, utilizando m\u00e1quina reta.<\/li>\n\n\n\n<li>Etapa 5: conferir e dar acabamento \u00e0 pe\u00e7a, retirando sobra de linhas e tecidos, e conferindo o alinhamento das costuras (conferir retid\u00e3o da barra, do fecho lateral, e das emendas de mangas e corpo).<\/li>\n<\/ul>\n<\/li>\n<\/ul>\n<\/li>\n<\/ul>\n\n\n\n<p><\/p>\n\n\n\n<h2 class=\"wp-block-heading\"><\/h2>\n\n\n\n<ul>\n<li><strong>Coveiro<\/strong>\n<ul>\n<li>Constru\u00e7\u00e3o da uma carneira de sepultura medindo 2,20 de cumprimento por 1,10 metros de altura<\/li>\n<\/ul>\n<\/li>\n<\/ul>\n\n\n\n<p><\/p>\n\n\n\n<ul>\n<li><strong>Cozinheiro e Merendeira<\/strong>\n<ul>\n<li>Lavagem e retirada de todas as partes invi\u00e1veis para o consumo.<\/li>\n\n\n\n<li>Desinfetar em solu\u00e7\u00e3o clorada por 15 minutos \u2013 uma colher de sopa do produto na concentra\u00e7\u00e3o de 2,0% ou 2,5% \u2013 ou duas colheres de hipoclorito na concentra\u00e7\u00e3o de 1% \u2013 para cada 1 litro de \u00e1gua.<\/li>\n\n\n\n<li>Os funcion\u00e1rios que manipulam alimentos crus devem realizar a lavagem e a antissepsia das m\u00e3os antes de manusear alimentos preparados.<\/li>\n\n\n\n<li>Higieniza\u00e7\u00e3o das bancadas<\/li>\n\n\n\n<li>Higieniza\u00e7\u00e3o dos utens\u00edlios<\/li>\n\n\n\n<li>Quando aplic\u00e1vel, antes de iniciar a prepara\u00e7\u00e3o dos alimentos, deve-se proceder \u00e0 adequada limpeza das embalagens prim\u00e1rias das mat\u00e9rias-primas e dos ingredientes, minimizando o risco de contamina\u00e7\u00e3o.<\/li>\n\n\n\n<li>Durante a prepara\u00e7\u00e3o dos alimentos, devem ser adotadas medidas a fim de minimizar o risco de contamina\u00e7\u00e3o cruzada. Deve-se evitar o contato direto ou indireto entre alimentos crus, semipreparados e prontos para o consumo.<\/li>\n<\/ul>\n<\/li>\n<\/ul>\n\n\n\n<p><\/p>\n\n\n\n<p>Por fim, os classificados na prova objetiva e interessados na carreira de Auxiliar de Manuten\u00e7\u00e3o e Servi\u00e7\u00f5es Pesados ser\u00e3o convocados para o <a href=\"http:\/\/www.vestibularunirv.com.br\/unirv\/vest\/fckfiles\/files\/Anexo%20XI%20-%20Crit%C3%A9rios%20Para%20Realiza%C3%A7%C3%A3o,%20Avalia%C3%A7%C3%A3o%20E%20Pontua%C3%A7%C3%A3o%20Do%20Teste%20De%20Capacidade%20F%C3%ADsica%20%E2%80%93%20Tcf%20E%20Modelo%20De%20Atestado%20M%C3%A9dico%20Espec%C3%ADfico,%20Para%20O%20Cargo%20De%20Auxiliar%20De%20Manuten%C3%A7%C3%A3o.pdf\" target=\"_blank\" rel=\"noreferrer noopener\">Teste de Aptid\u00e3o F\u00edsica,<\/a> onde realizar\u00e3o testes de Flex\u00e3o de Bra\u00e7os (Apoio), Flex\u00e3o de Tronco (Abdominal) e de Corrida. <\/p>\n\n\n\n<p>O teste ter\u00e1 pontua\u00e7\u00e3o m\u00e1xima de 100 pontos, sendo considerado aprovado o candidato que obtiver no m\u00ednimo 50% do total de pontos.<\/p>\n","protected":false},"excerpt":{"rendered":"<p>Saiu um novo edital da Prefeitura de Rio Verde &#8211; [&hellip;]<\/p>\n","protected":false},"author":73,"featured_media":24401,"comment_status":"open","ping_status":"open","sticky":false,"template":"","format":"standard","meta":[],"categories":[214],"tags":[],"acf":[],"yoast_head":"<!-- This site is optimized with the Yoast SEO plugin v20.7 - https:\/\/yoast.com\/wordpress\/plugins\/seo\/ -->\n<title>Saiu um novo edital da Prefeitura de Rio Verde: 326 vagas!<\/title>\n<meta name=\"description\" content=\"Saiu um novo edital da Prefeitura de Rio Verde - GO, com oferta de 326 vagas de n\u00edvel fundamental! Confira os detalhes!\" \/>\n<meta name=\"robots\" content=\"index, follow, max-snippet:-1, max-image-preview:large, max-video-preview:-1\" \/>\n<link rel=\"canonical\" href=\"https:\/\/www.maxieduca.com.br\/blog\/noticias\/saiu-um-novo-edital-da-prefeitura-de-rio-verde-326-vagas\/\" \/>\n<meta property=\"og:locale\" content=\"pt_BR\" \/>\n<meta property=\"og:type\" content=\"article\" \/>\n<meta property=\"og:title\" content=\"Saiu um novo edital da Prefeitura de Rio Verde: 326 vagas!\" \/>\n<meta property=\"og:description\" content=\"Saiu um novo edital da Prefeitura de Rio Verde - GO, com oferta de 326 vagas de n\u00edvel fundamental! Confira os detalhes!\" \/>\n<meta property=\"og:url\" content=\"https:\/\/www.maxieduca.com.br\/blog\/noticias\/saiu-um-novo-edital-da-prefeitura-de-rio-verde-326-vagas\/\" \/>\n<meta property=\"og:site_name\" content=\"Blog Maxi Educa\" \/>\n<meta property=\"article:published_time\" content=\"2023-11-09T11:53:18+00:00\" \/>\n<meta property=\"article:modified_time\" content=\"2023-11-09T11:53:20+00:00\" \/>\n<meta property=\"og:image\" content=\"https:\/\/www.maxieduca.com.br\/blog\/wp-content\/uploads\/2023\/11\/Screenshot_11-1.png\" \/>\n\t<meta property=\"og:image:width\" content=\"690\" \/>\n\t<meta property=\"og:image:height\" content=\"462\" \/>\n\t<meta property=\"og:image:type\" content=\"image\/png\" \/>\n<meta name=\"author\" content=\"Ana Luisa Marques\" \/>\n<meta name=\"twitter:card\" content=\"summary_large_image\" \/>\n<meta name=\"twitter:label1\" content=\"Written by\" \/>\n\t<meta name=\"twitter:data1\" content=\"Ana Luisa Marques\" \/>\n\t<meta name=\"twitter:label2\" content=\"Est. reading time\" \/>\n\t<meta name=\"twitter:data2\" content=\"7 minutos\" \/>\n<script type=\"application\/ld+json\" class=\"yoast-schema-graph\">{\"@context\":\"https:\/\/schema.org\",\"@graph\":[{\"@type\":\"Article\",\"@id\":\"https:\/\/www.maxieduca.com.br\/blog\/noticias\/saiu-um-novo-edital-da-prefeitura-de-rio-verde-326-vagas\/#article\",\"isPartOf\":{\"@id\":\"https:\/\/www.maxieduca.com.br\/blog\/noticias\/saiu-um-novo-edital-da-prefeitura-de-rio-verde-326-vagas\/\"},\"author\":{\"name\":\"Ana Luisa Marques\",\"@id\":\"https:\/\/www.maxieduca.com.br\/blog\/#\/schema\/person\/8fa330df679142b3ee376c639f23fdcf\"},\"headline\":\"Saiu um novo edital da Prefeitura de Rio Verde: 326 vagas!\",\"datePublished\":\"2023-11-09T11:53:18+00:00\",\"dateModified\":\"2023-11-09T11:53:20+00:00\",\"mainEntityOfPage\":{\"@id\":\"https:\/\/www.maxieduca.com.br\/blog\/noticias\/saiu-um-novo-edital-da-prefeitura-de-rio-verde-326-vagas\/\"},\"wordCount\":1352,\"commentCount\":0,\"publisher\":{\"@id\":\"https:\/\/www.maxieduca.com.br\/blog\/#organization\"},\"articleSection\":[\"Not\u00edcias\"],\"inLanguage\":\"pt-BR\",\"potentialAction\":[{\"@type\":\"CommentAction\",\"name\":\"Comment\",\"target\":[\"https:\/\/www.maxieduca.com.br\/blog\/noticias\/saiu-um-novo-edital-da-prefeitura-de-rio-verde-326-vagas\/#respond\"]}]},{\"@type\":\"WebPage\",\"@id\":\"https:\/\/www.maxieduca.com.br\/blog\/noticias\/saiu-um-novo-edital-da-prefeitura-de-rio-verde-326-vagas\/\",\"url\":\"https:\/\/www.maxieduca.com.br\/blog\/noticias\/saiu-um-novo-edital-da-prefeitura-de-rio-verde-326-vagas\/\",\"name\":\"Saiu um novo edital da Prefeitura de Rio Verde: 326 vagas!\",\"isPartOf\":{\"@id\":\"https:\/\/www.maxieduca.com.br\/blog\/#website\"},\"datePublished\":\"2023-11-09T11:53:18+00:00\",\"dateModified\":\"2023-11-09T11:53:20+00:00\",\"description\":\"Saiu um novo edital da Prefeitura de Rio Verde - GO, com oferta de 326 vagas de n\u00edvel fundamental! Confira os detalhes!\",\"breadcrumb\":{\"@id\":\"https:\/\/www.maxieduca.com.br\/blog\/noticias\/saiu-um-novo-edital-da-prefeitura-de-rio-verde-326-vagas\/#breadcrumb\"},\"inLanguage\":\"pt-BR\",\"potentialAction\":[{\"@type\":\"ReadAction\",\"target\":[\"https:\/\/www.maxieduca.com.br\/blog\/noticias\/saiu-um-novo-edital-da-prefeitura-de-rio-verde-326-vagas\/\"]}]},{\"@type\":\"BreadcrumbList\",\"@id\":\"https:\/\/www.maxieduca.com.br\/blog\/noticias\/saiu-um-novo-edital-da-prefeitura-de-rio-verde-326-vagas\/#breadcrumb\",\"itemListElement\":[{\"@type\":\"ListItem\",\"position\":1,\"name\":\"In\u00edcio\",\"item\":\"https:\/\/www.maxieduca.com.br\/blog\/\"},{\"@type\":\"ListItem\",\"position\":2,\"name\":\"Saiu um novo edital da Prefeitura de Rio Verde: 326 vagas!\"}]},{\"@type\":\"WebSite\",\"@id\":\"https:\/\/www.maxieduca.com.br\/blog\/#website\",\"url\":\"https:\/\/www.maxieduca.com.br\/blog\/\",\"name\":\"Blog Maxi Educa\",\"description\":\"Dicas de concursos, apostilas e vestibulares\",\"publisher\":{\"@id\":\"https:\/\/www.maxieduca.com.br\/blog\/#organization\"},\"potentialAction\":[{\"@type\":\"SearchAction\",\"target\":{\"@type\":\"EntryPoint\",\"urlTemplate\":\"https:\/\/www.maxieduca.com.br\/blog\/?s={search_term_string}\"},\"query-input\":\"required name=search_term_string\"}],\"inLanguage\":\"pt-BR\"},{\"@type\":\"Organization\",\"@id\":\"https:\/\/www.maxieduca.com.br\/blog\/#organization\",\"name\":\"Maxi Educa - Instituto maximize educa\u00e7\u00e3o\",\"url\":\"https:\/\/www.maxieduca.com.br\/blog\/\",\"logo\":{\"@type\":\"ImageObject\",\"inLanguage\":\"pt-BR\",\"@id\":\"https:\/\/www.maxieduca.com.br\/blog\/#\/schema\/logo\/image\/\",\"url\":\"https:\/\/blog.maxieduca.com.br\/wp-content\/uploads\/2016\/11\/logo-colorida.png\",\"contentUrl\":\"https:\/\/blog.maxieduca.com.br\/wp-content\/uploads\/2016\/11\/logo-colorida.png\",\"width\":228,\"height\":115,\"caption\":\"Maxi Educa - Instituto maximize educa\u00e7\u00e3o\"},\"image\":{\"@id\":\"https:\/\/www.maxieduca.com.br\/blog\/#\/schema\/logo\/image\/\"}},{\"@type\":\"Person\",\"@id\":\"https:\/\/www.maxieduca.com.br\/blog\/#\/schema\/person\/8fa330df679142b3ee376c639f23fdcf\",\"name\":\"Ana Luisa Marques\",\"image\":{\"@type\":\"ImageObject\",\"inLanguage\":\"pt-BR\",\"@id\":\"https:\/\/www.maxieduca.com.br\/blog\/#\/schema\/person\/image\/\",\"url\":\"https:\/\/secure.gravatar.com\/avatar\/26ac13a50a6170bbca5fbf013be5aede?s=96&d=mm&r=g\",\"contentUrl\":\"https:\/\/secure.gravatar.com\/avatar\/26ac13a50a6170bbca5fbf013be5aede?s=96&d=mm&r=g\",\"caption\":\"Ana Luisa Marques\"},\"url\":\"https:\/\/www.maxieduca.com.br\/blog\/author\/ana-luisa\/\"}]}<\/script>\n<!-- \/ Yoast SEO plugin. -->","yoast_head_json":{"title":"Saiu um novo edital da Prefeitura de Rio Verde: 326 vagas!","description":"Saiu um novo edital da Prefeitura de Rio Verde - GO, com oferta de 326 vagas de n\u00edvel fundamental! Confira os detalhes!","robots":{"index":"index","follow":"follow","max-snippet":"max-snippet:-1","max-image-preview":"max-image-preview:large","max-video-preview":"max-video-preview:-1"},"canonical":"https:\/\/www.maxieduca.com.br\/blog\/noticias\/saiu-um-novo-edital-da-prefeitura-de-rio-verde-326-vagas\/","og_locale":"pt_BR","og_type":"article","og_title":"Saiu um novo edital da Prefeitura de Rio Verde: 326 vagas!","og_description":"Saiu um novo edital da Prefeitura de Rio Verde - GO, com oferta de 326 vagas de n\u00edvel fundamental! Confira os detalhes!","og_url":"https:\/\/www.maxieduca.com.br\/blog\/noticias\/saiu-um-novo-edital-da-prefeitura-de-rio-verde-326-vagas\/","og_site_name":"Blog Maxi Educa","article_published_time":"2023-11-09T11:53:18+00:00","article_modified_time":"2023-11-09T11:53:20+00:00","og_image":[{"width":690,"height":462,"url":"https:\/\/www.maxieduca.com.br\/blog\/wp-content\/uploads\/2023\/11\/Screenshot_11-1.png","type":"image\/png"}],"author":"Ana Luisa Marques","twitter_card":"summary_large_image","twitter_misc":{"Written by":"Ana Luisa Marques","Est. reading time":"7 minutos"},"schema":{"@context":"https:\/\/schema.org","@graph":[{"@type":"Article","@id":"https:\/\/www.maxieduca.com.br\/blog\/noticias\/saiu-um-novo-edital-da-prefeitura-de-rio-verde-326-vagas\/#article","isPartOf":{"@id":"https:\/\/www.maxieduca.com.br\/blog\/noticias\/saiu-um-novo-edital-da-prefeitura-de-rio-verde-326-vagas\/"},"author":{"name":"Ana Luisa Marques","@id":"https:\/\/www.maxieduca.com.br\/blog\/#\/schema\/person\/8fa330df679142b3ee376c639f23fdcf"},"headline":"Saiu um novo edital da Prefeitura de Rio Verde: 326 vagas!","datePublished":"2023-11-09T11:53:18+00:00","dateModified":"2023-11-09T11:53:20+00:00","mainEntityOfPage":{"@id":"https:\/\/www.maxieduca.com.br\/blog\/noticias\/saiu-um-novo-edital-da-prefeitura-de-rio-verde-326-vagas\/"},"wordCount":1352,"commentCount":0,"publisher":{"@id":"https:\/\/www.maxieduca.com.br\/blog\/#organization"},"articleSection":["Not\u00edcias"],"inLanguage":"pt-BR","potentialAction":[{"@type":"CommentAction","name":"Comment","target":["https:\/\/www.maxieduca.com.br\/blog\/noticias\/saiu-um-novo-edital-da-prefeitura-de-rio-verde-326-vagas\/#respond"]}]},{"@type":"WebPage","@id":"https:\/\/www.maxieduca.com.br\/blog\/noticias\/saiu-um-novo-edital-da-prefeitura-de-rio-verde-326-vagas\/","url":"https:\/\/www.maxieduca.com.br\/blog\/noticias\/saiu-um-novo-edital-da-prefeitura-de-rio-verde-326-vagas\/","name":"Saiu um novo edital da Prefeitura de Rio Verde: 326 vagas!","isPartOf":{"@id":"https:\/\/www.maxieduca.com.br\/blog\/#website"},"datePublished":"2023-11-09T11:53:18+00:00","dateModified":"2023-11-09T11:53:20+00:00","description":"Saiu um novo edital da Prefeitura de Rio Verde - GO, com oferta de 326 vagas de n\u00edvel fundamental! Confira os detalhes!","breadcrumb":{"@id":"https:\/\/www.maxieduca.com.br\/blog\/noticias\/saiu-um-novo-edital-da-prefeitura-de-rio-verde-326-vagas\/#breadcrumb"},"inLanguage":"pt-BR","potentialAction":[{"@type":"ReadAction","target":["https:\/\/www.maxieduca.com.br\/blog\/noticias\/saiu-um-novo-edital-da-prefeitura-de-rio-verde-326-vagas\/"]}]},{"@type":"BreadcrumbList","@id":"https:\/\/www.maxieduca.com.br\/blog\/noticias\/saiu-um-novo-edital-da-prefeitura-de-rio-verde-326-vagas\/#breadcrumb","itemListElement":[{"@type":"ListItem","position":1,"name":"In\u00edcio","item":"https:\/\/www.maxieduca.com.br\/blog\/"},{"@type":"ListItem","position":2,"name":"Saiu um novo edital da Prefeitura de Rio Verde: 326 vagas!"}]},{"@type":"WebSite","@id":"https:\/\/www.maxieduca.com.br\/blog\/#website","url":"https:\/\/www.maxieduca.com.br\/blog\/","name":"Blog Maxi Educa","description":"Dicas de concursos, apostilas e vestibulares","publisher":{"@id":"https:\/\/www.maxieduca.com.br\/blog\/#organization"},"potentialAction":[{"@type":"SearchAction","target":{"@type":"EntryPoint","urlTemplate":"https:\/\/www.maxieduca.com.br\/blog\/?s={search_term_string}"},"query-input":"required name=search_term_string"}],"inLanguage":"pt-BR"},{"@type":"Organization","@id":"https:\/\/www.maxieduca.com.br\/blog\/#organization","name":"Maxi Educa - Instituto maximize educa\u00e7\u00e3o","url":"https:\/\/www.maxieduca.com.br\/blog\/","logo":{"@type":"ImageObject","inLanguage":"pt-BR","@id":"https:\/\/www.maxieduca.com.br\/blog\/#\/schema\/logo\/image\/","url":"https:\/\/blog.maxieduca.com.br\/wp-content\/uploads\/2016\/11\/logo-colorida.png","contentUrl":"https:\/\/blog.maxieduca.com.br\/wp-content\/uploads\/2016\/11\/logo-colorida.png","width":228,"height":115,"caption":"Maxi Educa - Instituto maximize educa\u00e7\u00e3o"},"image":{"@id":"https:\/\/www.maxieduca.com.br\/blog\/#\/schema\/logo\/image\/"}},{"@type":"Person","@id":"https:\/\/www.maxieduca.com.br\/blog\/#\/schema\/person\/8fa330df679142b3ee376c639f23fdcf","name":"Ana Luisa Marques","image":{"@type":"ImageObject","inLanguage":"pt-BR","@id":"https:\/\/www.maxieduca.com.br\/blog\/#\/schema\/person\/image\/","url":"https:\/\/secure.gravatar.com\/avatar\/26ac13a50a6170bbca5fbf013be5aede?s=96&d=mm&r=g","contentUrl":"https:\/\/secure.gravatar.com\/avatar\/26ac13a50a6170bbca5fbf013be5aede?s=96&d=mm&r=g","caption":"Ana Luisa Marques"},"url":"https:\/\/www.maxieduca.com.br\/blog\/author\/ana-luisa\/"}]}},"_links":{"self":[{"href":"https:\/\/www.maxieduca.com.br\/blog\/wp-json\/wp\/v2\/posts\/24398"}],"collection":[{"href":"https:\/\/www.maxieduca.com.br\/blog\/wp-json\/wp\/v2\/posts"}],"about":[{"href":"https:\/\/www.maxieduca.com.br\/blog\/wp-json\/wp\/v2\/types\/post"}],"author":[{"embeddable":true,"href":"https:\/\/www.maxieduca.com.br\/blog\/wp-json\/wp\/v2\/users\/73"}],"replies":[{"embeddable":true,"href":"https:\/\/www.maxieduca.com.br\/blog\/wp-json\/wp\/v2\/comments?post=24398"}],"version-history":[{"count":4,"href":"https:\/\/www.maxieduca.com.br\/blog\/wp-json\/wp\/v2\/posts\/24398\/revisions"}],"predecessor-version":[{"id":24405,"href":"https:\/\/www.maxieduca.com.br\/blog\/wp-json\/wp\/v2\/posts\/24398\/revisions\/24405"}],"wp:featuredmedia":[{"embeddable":true,"href":"https:\/\/www.maxieduca.com.br\/blog\/wp-json\/wp\/v2\/media\/24401"}],"wp:attachment":[{"href":"https:\/\/www.maxieduca.com.br\/blog\/wp-json\/wp\/v2\/media?parent=24398"}],"wp:term":[{"taxonomy":"category","embeddable":true,"href":"https:\/\/www.maxieduca.com.br\/blog\/wp-json\/wp\/v2\/categories?post=24398"},{"taxonomy":"post_tag","embeddable":true,"href":"https:\/\/www.maxieduca.com.br\/blog\/wp-json\/wp\/v2\/tags?post=24398"}],"curies":[{"name":"wp","href":"https:\/\/api.w.org\/{rel}","templated":true}]}}