{"id":23078,"date":"2023-09-01T12:00:00","date_gmt":"2023-09-01T15:00:00","guid":{"rendered":"https:\/\/www.maxieduca.com.br\/blog\/?p=23078"},"modified":"2023-09-01T16:00:10","modified_gmt":"2023-09-01T19:00:10","slug":"concurso-policia-civil-sp-sairam-os-editais-3-500-vagas","status":"publish","type":"post","link":"https:\/\/www.maxieduca.com.br\/blog\/noticias\/concurso-policia-civil-sp-sairam-os-editais-3-500-vagas\/","title":{"rendered":"Concurso Pol\u00edcia Civil SP: Sa\u00edram os editais. 3.500 vagas!"},"content":{"rendered":"\n<p>A espera acabou, concurseiros! Os editais da Pol\u00edcia Civil SP, foram publicados com 3.500 vagas. <\/p>\n\n\n\n<p>As oportunidades s\u00e3o para os cargos de<strong>&nbsp;Escriv\u00e3o, Investigador, Delegado, M\u00e9dico Legista e Perito Criminal.<\/strong><\/p>\n\n\n\n<p>A remunera\u00e7\u00e3o pode chegar at\u00e9 <strong>R$ 15 mil. <\/strong><\/p>\n\n\n\n<p>Se o seu sonho \u00e9 ser o pr\u00f3ximo her\u00f3i de farda e colocar o distintivo no peito, fica aqui comigo, que eu vou te contar todos os detalhes sobre o certame. <\/p>\n\n\n\n<ul>\n<li>Confira: <a href=\"https:\/\/www.maxieduca.com.br\/apostilas\/apostila-pc-sp-2023--investigador-de-policia-de-3-classe\">Concurso PC SP  &#8211; Apostila Investigador de Pol\u00edcia<\/a><\/li>\n\n\n\n<li>Confira: <a href=\"https:\/\/www.maxieduca.com.br\/apostilas\/apostila-pc-sp-2023-perito-criminal\">Concurso PC SP &#8211; Apostila Perito Criminal <\/a><\/li>\n<\/ul>\n\n\n\n<p><\/p>\n\n\n\n<h2 class=\"wp-block-heading\">Resumo do edital<\/h2>\n\n\n\n<p>Vagas: 3.5000<br>Cargos: Investigador, Escriv\u00e3o, Perito, M\u00e9dico Legista e Delegado<br>Escolaridade: n\u00edvel superior<br>Sal\u00e1rio iniciais: de R$ 5.879,68 at\u00e9 R$ 15.037,99<br>Per\u00edodo de inscri\u00e7\u00e3o: de 11\/09\/2023 \u00e0 10\/10\/2023<br>Taxa de inscri\u00e7\u00e3o: R$ 113,06<br>Prova: 26\/11 e 03\/12\/2023<br>Banca: Vunesp<\/p>\n\n\n\n<ul>\n<li>Baixar  editais \n<ul>\n<li><a href=\"https:\/\/documento.vunesp.com.br\/documento\/stream\/NDgxNTA4OQ%3d%3d\" target=\"_blank\" rel=\"noreferrer noopener\">Investigador <\/a><\/li>\n\n\n\n<li><a href=\"https:\/\/documento.vunesp.com.br\/documento\/stream\/NDgxNTI0OA%3d%3d\" target=\"_blank\" rel=\"noreferrer noopener\">Escriv\u00e3o <\/a><\/li>\n\n\n\n<li><a href=\"https:\/\/documento.vunesp.com.br\/documento\/stream\/NDgxNDk2MA%3d%3d\" target=\"_blank\" rel=\"noreferrer noopener\">Perito Criminal <\/a><\/li>\n\n\n\n<li><a href=\"https:\/\/documento.vunesp.com.br\/documento\/stream\/NDgxNTA1Nw%3d%3d\" target=\"_blank\" rel=\"noreferrer noopener\">M\u00e9dico Legista<\/a><\/li>\n\n\n\n<li><a href=\"https:\/\/documento.vunesp.com.br\/documento\/stream\/NDgxNDgyMQ%3d%3d\" target=\"_blank\" rel=\"noreferrer noopener\">Delegado <\/a><\/li>\n<\/ul>\n<\/li>\n<\/ul>\n\n\n\n<p><\/p>\n\n\n\n<h2 class=\"wp-block-heading\">Pol\u00edcia Civil SP: como fazer as inscri\u00e7\u00f5es? <\/h2>\n\n\n\n<p>Para ambos os cargos, as inscri\u00e7\u00f5es ter\u00e3o in\u00edcio \u00e1s <strong>10h do dia 11 de setembro e se estender\u00e3o at\u00e9 \u00e0s 23h59 de 10 de outubro de 2023. <\/strong><\/p>\n\n\n\n<p>O formul\u00e1rio de participa\u00e7\u00e3o, estar\u00e1 dispon\u00edvel no site da banca organizadora, <a href=\"https:\/\/www.vunesp.com.br\/\">Funda\u00e7\u00e3o Vunesp. <\/a><\/p>\n\n\n\n<p>Ao preencher os dados solicitados, os candidatos devem imprimir o boleto banc\u00e1rio, referente a taxa de inscri\u00e7\u00e3o, no valor de&nbsp;<strong>R$ 113,06<\/strong>&nbsp;e efetuar o pagamento at\u00e9 o primeiro dia \u00fatil subsequente ao t\u00e9rmino da inscri\u00e7\u00e3o.<\/p>\n\n\n\n<p>Haver\u00e1 <strong>isen\u00e7\u00e3o e redu\u00e7\u00e3o da taxa, <\/strong>para o seguinte p\u00fablico: <\/p>\n\n\n\n<ul>\n<li>doador de sangue \u2013 poder\u00e1 requerer a isen\u00e7\u00e3o<\/li>\n\n\n\n<li>redu\u00e7\u00e3o de 50% do valor da taxa, para; \n<ul>\n<li>estudantes regularmente matriculados em curso pr\u00e9-vestibular, superior, n\u00edvel de gradua\u00e7\u00e3o ou p\u00f3s- gradua\u00e7\u00e3o; e<\/li>\n\n\n\n<li>percebam remunera\u00e7\u00e3o mensal inferior a 2 (dois) sal\u00e1rios-m\u00ednimos ou estejam desempregados.<\/li>\n<\/ul>\n<\/li>\n<\/ul>\n\n\n\n<p>Aqueles que desejarem o&nbsp;<strong>benef\u00edcio<\/strong>, devem acessar o site da Vunesp, no per\u00edodo das 10h de 11 de setembro at\u00e9 \u00e1s 23h59 do dia 12 do mesmo m\u00eas.<\/p>\n\n\n\n<p><\/p>\n\n\n\n<h2 class=\"wp-block-heading\">Vagas e sal\u00e1rios ofertados na PC SP <\/h2>\n\n\n\n<p>As 3.500 vagas, requerem o <strong>n\u00edvel superior <\/strong>e est\u00e3o divididas da seguinte forma: <\/p>\n\n\n\n<ul>\n<li>Escriv\u00e3o de Pol\u00edcia (1.333 vagas)\n<ul>\n<li>67 para PCD\n<ul>\n<li>Sal\u00e1rio inicial: R$ 5.879,68<\/li>\n\n\n\n<li><strong>Sal\u00e1rio final: R$ 7.432,94<\/strong><\/li>\n<\/ul>\n<\/li>\n<\/ul>\n<\/li>\n<\/ul>\n\n\n\n<p><\/p>\n\n\n\n<ul>\n<li>Investigador (1.250 vagas)\n<ul>\n<li>63 vagas \u00e0s pessoas com defici\u00eancia\n<ul>\n<li>Sal\u00e1rio inicial: R$ 5.879,68<\/li>\n\n\n\n<li><strong>Sal\u00e1rio final: R$ 7.432,94<\/strong><\/li>\n<\/ul>\n<\/li>\n<\/ul>\n<\/li>\n<\/ul>\n\n\n\n<p><\/p>\n\n\n\n<ul>\n<li>Perito Criminal (249)\n<ul>\n<li>13 vagas para PCD\n<ul>\n<li>Sal\u00e1rio inicial: R$ 12.954,39<\/li>\n\n\n\n<li><strong>Sal\u00e1rio final: R$ 15.578,32<\/strong><\/li>\n<\/ul>\n<\/li>\n<\/ul>\n<\/li>\n<\/ul>\n\n\n\n<p><\/p>\n\n\n\n<ul>\n<li>M\u00e9dico Legistal (116 vagas)\n<ul>\n<li>12 \u00e0s pessoas com defici\u00eancia\n<ul>\n<li>Sal\u00e1rio inicial: R$ 12.954,39<\/li>\n\n\n\n<li><strong>Sal\u00e1rio final: R$ 15.578,32<\/strong><\/li>\n<\/ul>\n<\/li>\n<\/ul>\n<\/li>\n<\/ul>\n\n\n\n<p><\/p>\n\n\n\n<ul>\n<li>Delegado (552)\n<ul>\n<li>28 para PCD\n<ul>\n<li>Sal\u00e1rio inicial: R$ 15.037,99<\/li>\n\n\n\n<li><strong>Sal\u00e1rio final: R$ 23.561,51<\/strong><\/li>\n<\/ul>\n<\/li>\n<\/ul>\n<\/li>\n<\/ul>\n\n\n\n<p><\/p>\n\n\n\n<h2 class=\"wp-block-heading\">Requisitos de ingresso <\/h2>\n\n\n\n<p>Para posse nos cargos, os candidatos devem se enquadrar nos seguintes quesitos: <\/p>\n\n\n\n<ul>\n<li>ser brasileiro nato, naturalizado ou, em caso de nacionalidade portuguesa, estar amparado pelo Estatuto da Igualdade entre brasileiros e portugueses, com reconhecimento de gozo de direitos pol\u00edticos, nos termos do artigo 12, \u00a71\u00ba, da Constitui\u00e7\u00e3o Federal;<\/li>\n\n\n\n<li>n\u00e3o registrar antecedentes criminais e n\u00e3o ter sido condenado por ato de improbidade administrativa;<\/li>\n\n\n\n<li>estar no gozo dos direitos civis e pol\u00edticos;<\/li>\n\n\n\n<li>estar em dia com o servi\u00e7o militar;<\/li>\n\n\n\n<li>gozar de boa sa\u00fade f\u00edsica e mental para o exerc\u00edcio das atribui\u00e7\u00f5es do cargo;<\/li>\n\n\n\n<li>a capacidade mental ser\u00e1 comprovada por atestado de sa\u00fade mental emitido por m\u00e9dico;<\/li>\n\n\n\n<li>ter conduta irrepreens\u00edvel na vida p\u00fablica e privada;<\/li>\n\n\n\n<li><strong>ser habilitado para a condu\u00e7\u00e3o de ve\u00edculos automotores, no m\u00ednimo na categoria \u201cB\u201d;<\/strong><\/li>\n\n\n\n<li>possuir c\u00f3pia da \u00faltima declara\u00e7\u00e3o de Imposto de Renda entregue \u00e0 Secretaria da Receita Federal ou declara\u00e7\u00e3o p\u00fablica de bens;<\/li>\n\n\n\n<li>ter sido aprovado no concurso, observado o n\u00famero de vagas colocadas \u00e0 disposi\u00e7\u00e3o;<\/li>\n\n\n\n<li><strong>possuir diploma de gradua\u00e7\u00e3o, expedido por entidade de ensino oficial ou reconhecida, devidamente registrado ou, na falta deste, certificado de cola\u00e7\u00e3o de grau;<\/strong><\/li>\n\n\n\n<li>n\u00e3o haver sofrido, no exerc\u00edcio da fun\u00e7\u00e3o p\u00fablica, as penalidades de demiss\u00e3o e demiss\u00e3o a bem do servi\u00e7o p\u00fablico, durante os 5 (cinco) e 10 (dez) anos que antecederem a data da posse, respectivamente, na forma do par\u00e1grafo \u00fanico do art. 307 da Lei Estadual n\u00ba 10.261, de 28 de outubro de 1968.<\/li>\n\n\n\n<li>O(a) candidato(a) aprovado n\u00e3o poder\u00e1 acumular cargo e\/ou emprego p\u00fablico estadual, municipal ou federal com carreiras policiais civis, exceto para difus\u00e3o cultural e professor, desde que seja compat\u00edvel com o hor\u00e1rio e dist\u00e2ncia (Constitui\u00e7\u00e3o Federal, artigo 37, e Lei Complementar n\u00ba 207\/1979, artigo 44).<\/li>\n<\/ul>\n\n\n\n<p><\/p>\n\n\n\n<p>No cargo de <a href=\"https:\/\/www.maxieduca.com.br\/cursos\/curso-pc-sp-perito-criminal-\">Perito, <\/a>em espec\u00edfico, ser\u00e3o aceitos os seguintes cursos de<strong> Bacharelado: <\/strong><\/p>\n\n\n\n<p>Administra\u00e7\u00e3o de Empresas, An\u00e1lise de Sistemas, Arquitetura e Urbanismo, Biologia, Biomedicina, Biotecnologia, Ci\u00eancias da Computa\u00e7\u00e3o, Ci\u00eancias F\u00edsicas e Biomoleculares, Ci\u00eancias Moleculares, Contabilidade, Direito, Economia, Enfermagem, Engenharia, Estat\u00edstica, Farm\u00e1cia, Farm\u00e1cia e Bioqu\u00edmica, F\u00edsica, Fisioterapia, Fonoaudiologia, Geografia, Geologia, Inform\u00e1tica, Matem\u00e1tica, Medicina, Medicina Veterin\u00e1ria, Nutri\u00e7\u00e3o, Odontologia, Psicologia, Qu\u00edmica, Sistemas de Informa\u00e7\u00e3o e Tecnologia da Informa\u00e7\u00e3o.<\/p>\n\n\n\n<p><\/p>\n\n\n\n<h2 class=\"wp-block-heading\">Etapas de sele\u00e7\u00e3o do concurso PC SP <\/h2>\n\n\n\n<p>Os candidatos de todos os cargos, ser\u00e3o avaliados por&nbsp;<strong>cinco etapas<\/strong>, sendo:<\/p>\n\n\n\n<ul>\n<li>prova preambular (objetiva), de car\u00e1ter eliminat\u00f3rio e classificat\u00f3rio;<\/li>\n\n\n\n<li>prova escrita (discursiva), de car\u00e1ter eliminat\u00f3rio e classificat\u00f3rio;<\/li>\n\n\n\n<li>comprova\u00e7\u00e3o de idoneidade e conduta escorreita, mediante investiga\u00e7\u00e3o social, de car\u00e1ter eliminat\u00f3rio;<\/li>\n\n\n\n<li>prova oral, de car\u00e1ter eliminat\u00f3rio e classificat\u00f3rio; e<\/li>\n\n\n\n<li>prova de t\u00edtulos, de car\u00e1ter classificat\u00f3rio.<\/li>\n<\/ul>\n\n\n\n<p><\/p>\n\n\n\n<h3 class=\"wp-block-heading\">Prova preambular (objetiva) <\/h3>\n\n\n\n<p>A data da prova, ser\u00e1 de acordo com o cargo desejado, sendo: <\/p>\n\n\n\n<ul>\n<li><strong>26 de novembro de 2023:<\/strong>&nbsp;Escriv\u00e3o e Investigador<\/li>\n\n\n\n<li><strong>3 de dezembro de 2023:&nbsp;<\/strong>M\u00e9dico, Perito e Delegado<\/li>\n<\/ul>\n\n\n\n<p>Ambas ser\u00e3o realizadas no per\u00edodo da&nbsp;<strong>manh\u00e3,<\/strong>&nbsp;com 4h de dura\u00e7\u00e3o, sendo constitu\u00edda por&nbsp;<strong>80 quest\u00f5es<\/strong>&nbsp;de m\u00faltipla escolha, valendo de 0 (zero) a 100 (cem) pontos.<\/p>\n\n\n\n<p>As provas v\u00e3o ser aplicadas nos&nbsp;<strong>mun\u00edcipios<\/strong>&nbsp;de: S\u00e3o Paulo, Ara\u00e7atuba, Bauru, Campinas, Presidente Prudente, Ribeir\u00e3o Preto, Santos, S\u00e3o Jos\u00e9 do Rio Preto, S\u00e3o Jos\u00e9 dos Campos, Piracicaba e Sorocaba.<\/p>\n\n\n\n<p>Confira agora quais ser\u00e3o as disciplinas exigidas por cargo: <\/p>\n\n\n\n<h4 class=\"wp-block-heading\"><strong>INVESTIGADOR<\/strong><\/h4>\n\n\n\n<ul>\n<li>M\u00f3dulo I\n<ul>\n<li>10 quest\u00f5es de no\u00e7\u00f5es de inform\u00e1tica<\/li>\n\n\n\n<li>6 no\u00e7\u00f5es de L\u00f3gica<\/li>\n<\/ul>\n<\/li>\n\n\n\n<li>M\u00f3dulo II\n<ul>\n<li>20 quest\u00f5es de L\u00edngua Portuguesa<\/li>\n<\/ul>\n<\/li>\n\n\n\n<li>M\u00f3dulo III\n<ul>\n<li>30 ques\u00f5es de Direito<\/li>\n\n\n\n<li>14 de no\u00e7\u00f5es de Criminologia<\/li>\n<\/ul>\n<\/li>\n<\/ul>\n\n\n\n<p><\/p>\n\n\n\n<h4 class=\"wp-block-heading\">ESCRIV\u00c3O<\/h4>\n\n\n\n<ul>\n<li>M\u00f3dulo I\n<ul>\n<li>30 quest\u00f5es de Direito<\/li>\n\n\n\n<li>14 de No\u00e7\u00f5es de Criminologia<\/li>\n<\/ul>\n<\/li>\n\n\n\n<li>M\u00f3dulo II\n<ul>\n<li>10 de No\u00e7\u00f5es de Inform\u00e1tica<\/li>\n\n\n\n<li>6 quest\u00f5es de L\u00f3gica<\/li>\n<\/ul>\n<\/li>\n\n\n\n<li>M\u00f3dulo III\n<ul>\n<li>20 quest\u00f5es de L\u00edngua Portuguesa<\/li>\n<\/ul>\n<\/li>\n<\/ul>\n\n\n\n<p><\/p>\n\n\n\n<h4 class=\"wp-block-heading\">PERITO CRIMINAL<\/h4>\n\n\n\n<ul>\n<li>M\u00f3dulo I\n<ul>\n<li>5 quest\u00f5es de No\u00e7\u00f5es de Direito<\/li>\n\n\n\n<li>4 de Criminologia<\/li>\n\n\n\n<li>5 quest\u00f5es de Criminal\u00edstica<\/li>\n\n\n\n<li>4 no\u00e7\u00f5es de Medicina Legal<\/li>\n<\/ul>\n<\/li>\n\n\n\n<li>M\u00f3dulo II\n<ul>\n<li>10 quest\u00f5es de matem\u00e1tica e racioc\u00ednio l\u00f3gico<\/li>\n\n\n\n<li>6 de inform\u00e1tica<\/li>\n\n\n\n<li>9 quest\u00f5es de Biologia<\/li>\n\n\n\n<li>9 de F\u00edsica<\/li>\n\n\n\n<li>9 de Qu\u00edmica<\/li>\n\n\n\n<li>9 quest\u00f5es de Contabilidade<\/li>\n<\/ul>\n<\/li>\n\n\n\n<li>M\u00f3dulo III\n<ul>\n<li>10 quest\u00f5es de L\u00edngua Portuguesa<\/li>\n<\/ul>\n<\/li>\n<\/ul>\n\n\n\n<p><\/p>\n\n\n\n<h4 class=\"wp-block-heading\">M\u00c9DICO LEGISTA<\/h4>\n\n\n\n<ul>\n<li>M\u00f3dulo I\n<ul>\n<li>4 quest\u00f5es de L\u00f3gica<\/li>\n\n\n\n<li>4 no\u00e7\u00f5es de Inform\u00e1tica<\/li>\n\n\n\n<li>10 quest\u00f5es no\u00e7\u00f5es de Direito<\/li>\n\n\n\n<li>6 de Criminologia<\/li>\n\n\n\n<li>8 de L\u00edngua Portuguesa<\/li>\n<\/ul>\n<\/li>\n\n\n\n<li>M\u00f3dulo II\n<ul>\n<li>38 quest\u00f5es de Medicina Legal<\/li>\n\n\n\n<li>10 de Criminal\u00edstica<\/li>\n<\/ul>\n<\/li>\n<\/ul>\n\n\n\n<p><\/p>\n\n\n\n<h4 class=\"wp-block-heading\">DELEGADO<\/h4>\n\n\n\n<ul>\n<li>M\u00f3dulo I\n<ul>\n<li>12 quest\u00f5es de Direito Penal<\/li>\n<\/ul>\n<\/li>\n\n\n\n<li>M\u00f3dulo II \n<ul>\n<li>12 de Direito Processual Penal<\/li>\n<\/ul>\n<\/li>\n\n\n\n<li>M\u00f3dulo III\n<ul>\n<li>10 de Legisla\u00e7\u00e3o Especial<\/li>\n<\/ul>\n<\/li>\n\n\n\n<li>M\u00f3dulo IV\n<ul>\n<li>12 de Direito Constitucional<\/li>\n<\/ul>\n<\/li>\n\n\n\n<li>M\u00f3dulo V\n<ul>\n<li>12 quest\u00f5es de Direitos Humanos<\/li>\n<\/ul>\n<\/li>\n\n\n\n<li>M\u00f3dulo VI \n<ul>\n<li>10 de Direito Administrativo<\/li>\n<\/ul>\n<\/li>\n\n\n\n<li>M\u00f3dulo VII \u2013 Medicina Legal \u2013 3\n<ul>\n<li>Direito Civil<\/li>\n\n\n\n<li>No\u00e7\u00f5es de Criminologia<\/li>\n\n\n\n<li>No\u00e7\u00f5es de Inform\u00e1tica<\/li>\n<\/ul>\n<\/li>\n<\/ul>\n\n\n\n<p><\/p>\n\n\n\n<ul>\n<li>Confira:<a href=\"https:\/\/www.maxieduca.com.br\/cursos\/curso-pc-sp-escrivao-\"> Concurso PC SP  &#8211; Curso Online de Escriv\u00e3o<\/a><\/li>\n\n\n\n<li>Confira: <a href=\"https:\/\/www.maxieduca.com.br\/apostilas\/apostila-pc-sp-2023--medico-legista-de-3-classe\">Concurso PC SP &#8211; Apostila de M\u00e9dico Legista<\/a><\/li>\n<\/ul>\n\n\n\n<p><\/p>\n\n\n\n<h3 class=\"wp-block-heading\">Prova escrita (discurisva) <\/h3>\n\n\n\n<p>Esta avalia\u00e7\u00e3o, ser\u00e1 aplicada no mesmo dia da prova objetiva, entretanto, no <strong>per\u00edodo da tarde.<\/strong><\/p>\n\n\n\n<p>Os candidatos ter\u00e3o at\u00e9 3h para conclus\u00e3o, exceto, para Delegado, o tempo \u00e9 de 4h.  <\/p>\n\n\n\n<p><strong>Aten\u00e7\u00e3o!!<\/strong> Somente os candidatos habilitados na prova preambular, ter\u00e3o as provas escritas corrigidas. <\/p>\n\n\n\n<p>O objetivo dessa<strong> avalia\u00e7\u00e3o<\/strong> \u00e9 verificar o conhecimento do conte\u00fado das disciplinas, da norma culta, bem como o desenvolvimento dos temas na estrutura proposta, a adequa\u00e7\u00e3o da linguagem, a articula\u00e7\u00e3o do racioc\u00ednio l\u00f3gico e a capacidade de argumenta\u00e7\u00e3o. <\/p>\n\n\n\n<p>Ser\u00e3o abrangidas as seguintes disciplinas: <\/p>\n\n\n\n<ul>\n<li><strong>Delegado: 5 quest\u00f5es<\/strong>\n<ul>\n<li>Direito Penal;<\/li>\n\n\n\n<li>Legisla\u00e7\u00e3o Especial;<\/li>\n\n\n\n<li>Direito Processual Penal;<\/li>\n\n\n\n<li>Direito Constitucional;<\/li>\n\n\n\n<li>Direitos Humanos;<\/li>\n\n\n\n<li>Direito Administrativo<\/li>\n<\/ul>\n<\/li>\n<\/ul>\n\n\n\n<ul>\n<li><strong>Perito Criminal: 4 quest\u00f5es <\/strong>\n<ul>\n<li>Matem\u00e1tica e Racioc\u00ednio L\u00f3gico;<\/li>\n\n\n\n<li>Inform\u00e1tica;<\/li>\n\n\n\n<li>Biologia;<\/li>\n\n\n\n<li>F\u00edsica;<\/li>\n\n\n\n<li>Qu\u00edmica;<\/li>\n\n\n\n<li>Contabilidade<\/li>\n<\/ul>\n<\/li>\n<\/ul>\n\n\n\n<ul>\n<li><strong>M\u00e9dico Legista: 4 quest\u00f5es<\/strong>\n<ul>\n<li>Medicina Legal (2)<\/li>\n\n\n\n<li>Criminal\u00edstica: (1)<\/li>\n\n\n\n<li>No\u00e7\u00f5es de Direito: (1) <\/li>\n<\/ul>\n<\/li>\n<\/ul>\n\n\n\n<ul>\n<li><strong>Investigador: 4 quest\u00f5es<\/strong>\n<ul>\n<li>L\u00edngua Portuguesa (1)<\/li>\n\n\n\n<li>No\u00e7\u00f5es de Direito (2)<\/li>\n\n\n\n<li>No\u00e7\u00f5es de Criminologia (1) <\/li>\n<\/ul>\n<\/li>\n<\/ul>\n\n\n\n<ul>\n<li><strong>Escriv\u00e3o:<\/strong> <strong>4 quest\u00f5es<\/strong>\n<ul>\n<li>L\u00edngua Portuguesa (1)<\/li>\n\n\n\n<li> No\u00e7\u00f5es de Direito (2) <\/li>\n\n\n\n<li>No\u00e7\u00f5es de Criminologia (1) <\/li>\n<\/ul>\n<\/li>\n<\/ul>\n\n\n\n<p><\/p>\n\n\n\n<p>A prova escrita ser\u00e1 avaliada de <strong>0 (zero) a 100 (cem) pontos,<\/strong> sendo atribu\u00edda at\u00e9 25 pontos para cada quest\u00e3o discursiva. <\/p>\n\n\n\n<p>Bons estudos, guerreiros! <\/p>\n\n\n\n<p>Conte sempre conosco! \ud83d\udcd8\ud83d\udc4a<\/p>\n","protected":false},"excerpt":{"rendered":"<p>A espera acabou, concurseiros! Os editais da Pol\u00edcia Civil SP, [&hellip;]<\/p>\n","protected":false},"author":72,"featured_media":16724,"comment_status":"open","ping_status":"open","sticky":false,"template":"","format":"standard","meta":[],"categories":[214],"tags":[],"acf":[],"yoast_head":"<!-- This site is optimized with the Yoast SEO plugin v20.7 - https:\/\/yoast.com\/wordpress\/plugins\/seo\/ -->\n<title>Concurso Pol\u00edcia Civil SP: Sa\u00edram os editais! | Nova Concursos<\/title>\n<meta name=\"description\" content=\"Foram publicados os editais da Pol\u00edcia Civil SP. S\u00e3o 3.500 vagas para cinco cargos de n\u00edvel superior, com at\u00e9 R$ 15 mil. Saiba mais!\" \/>\n<meta name=\"robots\" content=\"index, follow, max-snippet:-1, max-image-preview:large, max-video-preview:-1\" \/>\n<link rel=\"canonical\" href=\"https:\/\/www.maxieduca.com.br\/blog\/noticias\/concurso-policia-civil-sp-sairam-os-editais-3-500-vagas\/\" \/>\n<meta property=\"og:locale\" content=\"pt_BR\" \/>\n<meta property=\"og:type\" content=\"article\" \/>\n<meta property=\"og:title\" content=\"Concurso Pol\u00edcia Civil SP: Sa\u00edram os editais! | Nova Concursos\" \/>\n<meta property=\"og:description\" content=\"Foram publicados os editais da Pol\u00edcia Civil SP. S\u00e3o 3.500 vagas para cinco cargos de n\u00edvel superior, com at\u00e9 R$ 15 mil. Saiba mais!\" \/>\n<meta property=\"og:url\" content=\"https:\/\/www.maxieduca.com.br\/blog\/noticias\/concurso-policia-civil-sp-sairam-os-editais-3-500-vagas\/\" \/>\n<meta property=\"og:site_name\" content=\"Blog Maxi Educa\" \/>\n<meta property=\"article:published_time\" content=\"2023-09-01T15:00:00+00:00\" \/>\n<meta property=\"article:modified_time\" content=\"2023-09-01T19:00:10+00:00\" \/>\n<meta property=\"og:image\" content=\"https:\/\/www.maxieduca.com.br\/blog\/wp-content\/uploads\/2022\/11\/Palacio-da-Policia-LIMPA.jpg\" \/>\n\t<meta property=\"og:image:width\" content=\"700\" \/>\n\t<meta property=\"og:image:height\" content=\"439\" \/>\n\t<meta property=\"og:image:type\" content=\"image\/jpeg\" \/>\n<meta name=\"author\" content=\"Luana Oliveira\" \/>\n<meta name=\"twitter:card\" content=\"summary_large_image\" \/>\n<meta name=\"twitter:label1\" content=\"Written by\" \/>\n\t<meta name=\"twitter:data1\" content=\"Luana Oliveira\" \/>\n\t<meta name=\"twitter:label2\" content=\"Est. reading time\" \/>\n\t<meta name=\"twitter:data2\" content=\"8 minutos\" \/>\n<script type=\"application\/ld+json\" class=\"yoast-schema-graph\">{\"@context\":\"https:\/\/schema.org\",\"@graph\":[{\"@type\":\"Article\",\"@id\":\"https:\/\/www.maxieduca.com.br\/blog\/noticias\/concurso-policia-civil-sp-sairam-os-editais-3-500-vagas\/#article\",\"isPartOf\":{\"@id\":\"https:\/\/www.maxieduca.com.br\/blog\/noticias\/concurso-policia-civil-sp-sairam-os-editais-3-500-vagas\/\"},\"author\":{\"name\":\"Luana Oliveira\",\"@id\":\"https:\/\/www.maxieduca.com.br\/blog\/#\/schema\/person\/a1055f50fe853d545988a0f6a94b6278\"},\"headline\":\"Concurso Pol\u00edcia Civil SP: Sa\u00edram os editais. 3.500 vagas!\",\"datePublished\":\"2023-09-01T15:00:00+00:00\",\"dateModified\":\"2023-09-01T19:00:10+00:00\",\"mainEntityOfPage\":{\"@id\":\"https:\/\/www.maxieduca.com.br\/blog\/noticias\/concurso-policia-civil-sp-sairam-os-editais-3-500-vagas\/\"},\"wordCount\":1486,\"commentCount\":0,\"publisher\":{\"@id\":\"https:\/\/www.maxieduca.com.br\/blog\/#organization\"},\"articleSection\":[\"Not\u00edcias\"],\"inLanguage\":\"pt-BR\",\"potentialAction\":[{\"@type\":\"CommentAction\",\"name\":\"Comment\",\"target\":[\"https:\/\/www.maxieduca.com.br\/blog\/noticias\/concurso-policia-civil-sp-sairam-os-editais-3-500-vagas\/#respond\"]}]},{\"@type\":\"WebPage\",\"@id\":\"https:\/\/www.maxieduca.com.br\/blog\/noticias\/concurso-policia-civil-sp-sairam-os-editais-3-500-vagas\/\",\"url\":\"https:\/\/www.maxieduca.com.br\/blog\/noticias\/concurso-policia-civil-sp-sairam-os-editais-3-500-vagas\/\",\"name\":\"Concurso Pol\u00edcia Civil SP: Sa\u00edram os editais! | Nova Concursos\",\"isPartOf\":{\"@id\":\"https:\/\/www.maxieduca.com.br\/blog\/#website\"},\"datePublished\":\"2023-09-01T15:00:00+00:00\",\"dateModified\":\"2023-09-01T19:00:10+00:00\",\"description\":\"Foram publicados os editais da Pol\u00edcia Civil SP. S\u00e3o 3.500 vagas para cinco cargos de n\u00edvel superior, com at\u00e9 R$ 15 mil. Saiba mais!\",\"breadcrumb\":{\"@id\":\"https:\/\/www.maxieduca.com.br\/blog\/noticias\/concurso-policia-civil-sp-sairam-os-editais-3-500-vagas\/#breadcrumb\"},\"inLanguage\":\"pt-BR\",\"potentialAction\":[{\"@type\":\"ReadAction\",\"target\":[\"https:\/\/www.maxieduca.com.br\/blog\/noticias\/concurso-policia-civil-sp-sairam-os-editais-3-500-vagas\/\"]}]},{\"@type\":\"BreadcrumbList\",\"@id\":\"https:\/\/www.maxieduca.com.br\/blog\/noticias\/concurso-policia-civil-sp-sairam-os-editais-3-500-vagas\/#breadcrumb\",\"itemListElement\":[{\"@type\":\"ListItem\",\"position\":1,\"name\":\"In\u00edcio\",\"item\":\"https:\/\/www.maxieduca.com.br\/blog\/\"},{\"@type\":\"ListItem\",\"position\":2,\"name\":\"Concurso Pol\u00edcia Civil SP: Sa\u00edram os editais. 3.500 vagas!\"}]},{\"@type\":\"WebSite\",\"@id\":\"https:\/\/www.maxieduca.com.br\/blog\/#website\",\"url\":\"https:\/\/www.maxieduca.com.br\/blog\/\",\"name\":\"Blog Maxi Educa\",\"description\":\"Dicas de concursos, apostilas e vestibulares\",\"publisher\":{\"@id\":\"https:\/\/www.maxieduca.com.br\/blog\/#organization\"},\"potentialAction\":[{\"@type\":\"SearchAction\",\"target\":{\"@type\":\"EntryPoint\",\"urlTemplate\":\"https:\/\/www.maxieduca.com.br\/blog\/?s={search_term_string}\"},\"query-input\":\"required name=search_term_string\"}],\"inLanguage\":\"pt-BR\"},{\"@type\":\"Organization\",\"@id\":\"https:\/\/www.maxieduca.com.br\/blog\/#organization\",\"name\":\"Maxi Educa - Instituto maximize educa\u00e7\u00e3o\",\"url\":\"https:\/\/www.maxieduca.com.br\/blog\/\",\"logo\":{\"@type\":\"ImageObject\",\"inLanguage\":\"pt-BR\",\"@id\":\"https:\/\/www.maxieduca.com.br\/blog\/#\/schema\/logo\/image\/\",\"url\":\"https:\/\/blog.maxieduca.com.br\/wp-content\/uploads\/2016\/11\/logo-colorida.png\",\"contentUrl\":\"https:\/\/blog.maxieduca.com.br\/wp-content\/uploads\/2016\/11\/logo-colorida.png\",\"width\":228,\"height\":115,\"caption\":\"Maxi Educa - Instituto maximize educa\u00e7\u00e3o\"},\"image\":{\"@id\":\"https:\/\/www.maxieduca.com.br\/blog\/#\/schema\/logo\/image\/\"}},{\"@type\":\"Person\",\"@id\":\"https:\/\/www.maxieduca.com.br\/blog\/#\/schema\/person\/a1055f50fe853d545988a0f6a94b6278\",\"name\":\"Luana Oliveira\",\"image\":{\"@type\":\"ImageObject\",\"inLanguage\":\"pt-BR\",\"@id\":\"https:\/\/www.maxieduca.com.br\/blog\/#\/schema\/person\/image\/\",\"url\":\"https:\/\/secure.gravatar.com\/avatar\/1ea6733cff7a7010ba66342048e936f5?s=96&d=mm&r=g\",\"contentUrl\":\"https:\/\/secure.gravatar.com\/avatar\/1ea6733cff7a7010ba66342048e936f5?s=96&d=mm&r=g\",\"caption\":\"Luana Oliveira\"},\"url\":\"https:\/\/www.maxieduca.com.br\/blog\/author\/luana-oliveira\/\"}]}<\/script>\n<!-- \/ Yoast SEO plugin. -->","yoast_head_json":{"title":"Concurso Pol\u00edcia Civil SP: Sa\u00edram os editais! | Nova Concursos","description":"Foram publicados os editais da Pol\u00edcia Civil SP. S\u00e3o 3.500 vagas para cinco cargos de n\u00edvel superior, com at\u00e9 R$ 15 mil. Saiba mais!","robots":{"index":"index","follow":"follow","max-snippet":"max-snippet:-1","max-image-preview":"max-image-preview:large","max-video-preview":"max-video-preview:-1"},"canonical":"https:\/\/www.maxieduca.com.br\/blog\/noticias\/concurso-policia-civil-sp-sairam-os-editais-3-500-vagas\/","og_locale":"pt_BR","og_type":"article","og_title":"Concurso Pol\u00edcia Civil SP: Sa\u00edram os editais! | Nova Concursos","og_description":"Foram publicados os editais da Pol\u00edcia Civil SP. S\u00e3o 3.500 vagas para cinco cargos de n\u00edvel superior, com at\u00e9 R$ 15 mil. Saiba mais!","og_url":"https:\/\/www.maxieduca.com.br\/blog\/noticias\/concurso-policia-civil-sp-sairam-os-editais-3-500-vagas\/","og_site_name":"Blog Maxi Educa","article_published_time":"2023-09-01T15:00:00+00:00","article_modified_time":"2023-09-01T19:00:10+00:00","og_image":[{"width":700,"height":439,"url":"https:\/\/www.maxieduca.com.br\/blog\/wp-content\/uploads\/2022\/11\/Palacio-da-Policia-LIMPA.jpg","type":"image\/jpeg"}],"author":"Luana Oliveira","twitter_card":"summary_large_image","twitter_misc":{"Written by":"Luana Oliveira","Est. reading time":"8 minutos"},"schema":{"@context":"https:\/\/schema.org","@graph":[{"@type":"Article","@id":"https:\/\/www.maxieduca.com.br\/blog\/noticias\/concurso-policia-civil-sp-sairam-os-editais-3-500-vagas\/#article","isPartOf":{"@id":"https:\/\/www.maxieduca.com.br\/blog\/noticias\/concurso-policia-civil-sp-sairam-os-editais-3-500-vagas\/"},"author":{"name":"Luana Oliveira","@id":"https:\/\/www.maxieduca.com.br\/blog\/#\/schema\/person\/a1055f50fe853d545988a0f6a94b6278"},"headline":"Concurso Pol\u00edcia Civil SP: Sa\u00edram os editais. 3.500 vagas!","datePublished":"2023-09-01T15:00:00+00:00","dateModified":"2023-09-01T19:00:10+00:00","mainEntityOfPage":{"@id":"https:\/\/www.maxieduca.com.br\/blog\/noticias\/concurso-policia-civil-sp-sairam-os-editais-3-500-vagas\/"},"wordCount":1486,"commentCount":0,"publisher":{"@id":"https:\/\/www.maxieduca.com.br\/blog\/#organization"},"articleSection":["Not\u00edcias"],"inLanguage":"pt-BR","potentialAction":[{"@type":"CommentAction","name":"Comment","target":["https:\/\/www.maxieduca.com.br\/blog\/noticias\/concurso-policia-civil-sp-sairam-os-editais-3-500-vagas\/#respond"]}]},{"@type":"WebPage","@id":"https:\/\/www.maxieduca.com.br\/blog\/noticias\/concurso-policia-civil-sp-sairam-os-editais-3-500-vagas\/","url":"https:\/\/www.maxieduca.com.br\/blog\/noticias\/concurso-policia-civil-sp-sairam-os-editais-3-500-vagas\/","name":"Concurso Pol\u00edcia Civil SP: Sa\u00edram os editais! | Nova Concursos","isPartOf":{"@id":"https:\/\/www.maxieduca.com.br\/blog\/#website"},"datePublished":"2023-09-01T15:00:00+00:00","dateModified":"2023-09-01T19:00:10+00:00","description":"Foram publicados os editais da Pol\u00edcia Civil SP. S\u00e3o 3.500 vagas para cinco cargos de n\u00edvel superior, com at\u00e9 R$ 15 mil. Saiba mais!","breadcrumb":{"@id":"https:\/\/www.maxieduca.com.br\/blog\/noticias\/concurso-policia-civil-sp-sairam-os-editais-3-500-vagas\/#breadcrumb"},"inLanguage":"pt-BR","potentialAction":[{"@type":"ReadAction","target":["https:\/\/www.maxieduca.com.br\/blog\/noticias\/concurso-policia-civil-sp-sairam-os-editais-3-500-vagas\/"]}]},{"@type":"BreadcrumbList","@id":"https:\/\/www.maxieduca.com.br\/blog\/noticias\/concurso-policia-civil-sp-sairam-os-editais-3-500-vagas\/#breadcrumb","itemListElement":[{"@type":"ListItem","position":1,"name":"In\u00edcio","item":"https:\/\/www.maxieduca.com.br\/blog\/"},{"@type":"ListItem","position":2,"name":"Concurso Pol\u00edcia Civil SP: Sa\u00edram os editais. 3.500 vagas!"}]},{"@type":"WebSite","@id":"https:\/\/www.maxieduca.com.br\/blog\/#website","url":"https:\/\/www.maxieduca.com.br\/blog\/","name":"Blog Maxi Educa","description":"Dicas de concursos, apostilas e vestibulares","publisher":{"@id":"https:\/\/www.maxieduca.com.br\/blog\/#organization"},"potentialAction":[{"@type":"SearchAction","target":{"@type":"EntryPoint","urlTemplate":"https:\/\/www.maxieduca.com.br\/blog\/?s={search_term_string}"},"query-input":"required name=search_term_string"}],"inLanguage":"pt-BR"},{"@type":"Organization","@id":"https:\/\/www.maxieduca.com.br\/blog\/#organization","name":"Maxi Educa - Instituto maximize educa\u00e7\u00e3o","url":"https:\/\/www.maxieduca.com.br\/blog\/","logo":{"@type":"ImageObject","inLanguage":"pt-BR","@id":"https:\/\/www.maxieduca.com.br\/blog\/#\/schema\/logo\/image\/","url":"https:\/\/blog.maxieduca.com.br\/wp-content\/uploads\/2016\/11\/logo-colorida.png","contentUrl":"https:\/\/blog.maxieduca.com.br\/wp-content\/uploads\/2016\/11\/logo-colorida.png","width":228,"height":115,"caption":"Maxi Educa - Instituto maximize educa\u00e7\u00e3o"},"image":{"@id":"https:\/\/www.maxieduca.com.br\/blog\/#\/schema\/logo\/image\/"}},{"@type":"Person","@id":"https:\/\/www.maxieduca.com.br\/blog\/#\/schema\/person\/a1055f50fe853d545988a0f6a94b6278","name":"Luana Oliveira","image":{"@type":"ImageObject","inLanguage":"pt-BR","@id":"https:\/\/www.maxieduca.com.br\/blog\/#\/schema\/person\/image\/","url":"https:\/\/secure.gravatar.com\/avatar\/1ea6733cff7a7010ba66342048e936f5?s=96&d=mm&r=g","contentUrl":"https:\/\/secure.gravatar.com\/avatar\/1ea6733cff7a7010ba66342048e936f5?s=96&d=mm&r=g","caption":"Luana Oliveira"},"url":"https:\/\/www.maxieduca.com.br\/blog\/author\/luana-oliveira\/"}]}},"_links":{"self":[{"href":"https:\/\/www.maxieduca.com.br\/blog\/wp-json\/wp\/v2\/posts\/23078"}],"collection":[{"href":"https:\/\/www.maxieduca.com.br\/blog\/wp-json\/wp\/v2\/posts"}],"about":[{"href":"https:\/\/www.maxieduca.com.br\/blog\/wp-json\/wp\/v2\/types\/post"}],"author":[{"embeddable":true,"href":"https:\/\/www.maxieduca.com.br\/blog\/wp-json\/wp\/v2\/users\/72"}],"replies":[{"embeddable":true,"href":"https:\/\/www.maxieduca.com.br\/blog\/wp-json\/wp\/v2\/comments?post=23078"}],"version-history":[{"count":44,"href":"https:\/\/www.maxieduca.com.br\/blog\/wp-json\/wp\/v2\/posts\/23078\/revisions"}],"predecessor-version":[{"id":23128,"href":"https:\/\/www.maxieduca.com.br\/blog\/wp-json\/wp\/v2\/posts\/23078\/revisions\/23128"}],"wp:featuredmedia":[{"embeddable":true,"href":"https:\/\/www.maxieduca.com.br\/blog\/wp-json\/wp\/v2\/media\/16724"}],"wp:attachment":[{"href":"https:\/\/www.maxieduca.com.br\/blog\/wp-json\/wp\/v2\/media?parent=23078"}],"wp:term":[{"taxonomy":"category","embeddable":true,"href":"https:\/\/www.maxieduca.com.br\/blog\/wp-json\/wp\/v2\/categories?post=23078"},{"taxonomy":"post_tag","embeddable":true,"href":"https:\/\/www.maxieduca.com.br\/blog\/wp-json\/wp\/v2\/tags?post=23078"}],"curies":[{"name":"wp","href":"https:\/\/api.w.org\/{rel}","templated":true}]}}