{"id":1976,"date":"2016-09-08T12:39:13","date_gmt":"2016-09-08T12:39:13","guid":{"rendered":"http:\/\/blog.maxieduca.com.br\/?p=1976"},"modified":"2021-02-08T10:35:04","modified_gmt":"2021-02-08T10:35:04","slug":"didatica-importancia-sala-de-aula","status":"publish","type":"post","link":"https:\/\/www.maxieduca.com.br\/blog\/educacao\/didatica-importancia-sala-de-aula\/","title":{"rendered":"O que \u00e9 a did\u00e1tica e qual sua import\u00e2ncia para bom desempenho no dia a dia da sala de aula"},"content":{"rendered":"<p style=\"text-align: justify;\"><span style=\"color: #000000;\">O sonho de todo professor \u00e9 dar uma aula atrativa para os alunos, com uma boa did\u00e1tica, conquistando a aten\u00e7\u00e3o dos educandos e o interesse para a constru\u00e7\u00e3o de uma aprendizagem significativa. Mas, qual seria o segredo para a realiza\u00e7\u00e3o desse sonho?<\/span><\/p>\n<p style=\"text-align: justify;\"><span style=\"color: #000000;\">Em outras palavras, de que forma o professor pode estimular os alunos para uma participa\u00e7\u00e3o ativa no processo dial\u00f3gico de ensino e aprendizagem?<\/span><\/p>\n<p style=\"text-align: justify;\"><span style=\"color: #000000;\"><a href=\"https:\/\/www.maxieduca.com.br\/blog\/wp-content\/uploads\/2016\/09\/Didatica-1.jpg\" rel=\"attachment wp-att-1988\"><img decoding=\"async\" loading=\"lazy\" class=\" wp-image-1988 aligncenter\" src=\"https:\/\/www.maxieduca.com.br\/blog\/wp-content\/uploads\/2016\/09\/Didatica-1-1024x1024.jpg\" alt=\"didatica-1\" width=\"500\" height=\"500\" srcset=\"https:\/\/www.maxieduca.com.br\/blog\/wp-content\/uploads\/2016\/09\/Didatica-1-1024x1024.jpg 1024w, https:\/\/www.maxieduca.com.br\/blog\/wp-content\/uploads\/2016\/09\/Didatica-1-150x150.jpg 150w, https:\/\/www.maxieduca.com.br\/blog\/wp-content\/uploads\/2016\/09\/Didatica-1-300x300.jpg 300w, https:\/\/www.maxieduca.com.br\/blog\/wp-content\/uploads\/2016\/09\/Didatica-1-768x768.jpg 768w, https:\/\/www.maxieduca.com.br\/blog\/wp-content\/uploads\/2016\/09\/Didatica-1-190x190.jpg 190w, https:\/\/www.maxieduca.com.br\/blog\/wp-content\/uploads\/2016\/09\/Didatica-1-263x263.jpg 263w\" sizes=\"(max-width: 500px) 100vw, 500px\" \/><\/a><\/span><\/p>\n<p style=\"text-align: justify;\"><span style=\"color: #000000;\">Neste post, vamos discutir o conceito e evolu\u00e7\u00e3o hist\u00f3rica da did\u00e1tica, no sentido de revisitarmos a pr\u00e1tica educativa e avaliarmos o trabalho docente. Sinta-se convidado(a) a embarcar nessa leitura fascinante das discuss\u00f5es orientadas para o papel da Did\u00e1tica na forma\u00e7\u00e3o docente. Vamos l\u00e1?<\/span><\/p>\n<h2 style=\"text-align: justify;\"><\/h2>\n<h2 style=\"text-align: justify;\"><\/h2>\n<h2 style=\"text-align: center;\"><span style=\"color: #ff0000;\"><strong>Entendimentos de Did\u00e1tica<\/strong><\/span><\/h2>\n<p><span style=\"color: #000000;\"><a href=\"https:\/\/www.maxieduca.com.br\/blog\/wp-content\/uploads\/2016\/09\/didatica-na-escola.jpg\" rel=\"attachment wp-att-1978\"><img decoding=\"async\" loading=\"lazy\" class=\" wp-image-1978 aligncenter\" src=\"https:\/\/www.maxieduca.com.br\/blog\/wp-content\/uploads\/2016\/09\/didatica-na-escola-1024x573.jpg\" alt=\"didatica-na-escola\" width=\"500\" height=\"280\" srcset=\"https:\/\/www.maxieduca.com.br\/blog\/wp-content\/uploads\/2016\/09\/didatica-na-escola-1024x573.jpg 1024w, https:\/\/www.maxieduca.com.br\/blog\/wp-content\/uploads\/2016\/09\/didatica-na-escola-300x168.jpg 300w, https:\/\/www.maxieduca.com.br\/blog\/wp-content\/uploads\/2016\/09\/didatica-na-escola-768x430.jpg 768w, https:\/\/www.maxieduca.com.br\/blog\/wp-content\/uploads\/2016\/09\/didatica-na-escola-270x151.jpg 270w, https:\/\/www.maxieduca.com.br\/blog\/wp-content\/uploads\/2016\/09\/didatica-na-escola-263x147.jpg 263w, https:\/\/www.maxieduca.com.br\/blog\/wp-content\/uploads\/2016\/09\/didatica-na-escola.jpg 1420w\" sizes=\"(max-width: 500px) 100vw, 500px\" \/><\/a><\/span><\/p>\n<p style=\"text-align: justify;\"><span style=\"color: #000000; font-family: 'Arial','sans-serif';\">O voc\u00e1bulo \u201cDid\u00e1tica\u201d surgiu do grego e se traduz por \u201carte\u201d ou \u201ct\u00e9cnica de ensinar\u201d.<\/span><\/p>\n<p style=\"text-align: justify;\"><span style=\"color: #000000; font-family: 'Arial','sans-serif';\">Logo, a Did\u00e1tica \u00e9 a parte da Pedagogia que utiliza estrat\u00e9gias de ensino destinadas a colocar em pr\u00e1tica as diretrizes da teoria pedag\u00f3gica, do ensino e da aprendizagem.<\/span><\/p>\n<p style=\"text-align: justify;\"><span style=\"color: #000000;\"><a href=\"https:\/\/www.maxieduca.com.br\/blog\/wp-content\/uploads\/2016\/09\/Didatica.png\" rel=\"attachment wp-att-1979\"><img decoding=\"async\" loading=\"lazy\" class=\" wp-image-1979 aligncenter\" src=\"https:\/\/www.maxieduca.com.br\/blog\/wp-content\/uploads\/2016\/09\/Didatica.png\" alt=\"didatica\" width=\"649\" height=\"102\" srcset=\"https:\/\/www.maxieduca.com.br\/blog\/wp-content\/uploads\/2016\/09\/Didatica.png 687w, https:\/\/www.maxieduca.com.br\/blog\/wp-content\/uploads\/2016\/09\/Didatica-300x47.png 300w, https:\/\/www.maxieduca.com.br\/blog\/wp-content\/uploads\/2016\/09\/Didatica-270x42.png 270w, https:\/\/www.maxieduca.com.br\/blog\/wp-content\/uploads\/2016\/09\/Didatica-263x41.png 263w\" sizes=\"(max-width: 649px) 100vw, 649px\" \/><\/a><\/span><\/p>\n<p style=\"text-align: justify;\"><span style=\"color: #000000;\">A Did\u00e1tica, para desempenhar papel significativo na forma\u00e7\u00e3o do educador, n\u00e3o poder\u00e1 reduzir-se somente ao ensino de t\u00e9cnicas pelas quais se deseja desenvolver um processo de ensino-aprendizagem.<\/span><\/p>\n<p style=\"text-align: justify;\"><span style=\"color: #000000;\">Como diz <strong>Santos (2003)<\/strong>: A Did\u00e1tica passou de (&#8230;) ap\u00eandice de orienta\u00e7\u00f5es mec\u00e2nicas e tecnol\u00f3gicas para um atual (&#8230;) modo cr\u00edtico de desenvolver uma pr\u00e1tica educativa, forjadora de um projeto hist\u00f3rico, que n\u00e3o se far\u00e1 t\u00e3o somente pelo educador, mas pelo educador, conjuntamente, com o educando e outros membros dos diversos setores da sociedade.<\/span><\/p>\n<p style=\"text-align: justify;\"><span style=\"color: #000000;\">Para<strong> Lib\u00e2neo (1992):<\/strong> A Did\u00e1tica \u00e9 o principal ramo de estudo da Pedagogia. Ela investiga os fundamentos, as condi\u00e7\u00f5es e os modos de realiza\u00e7\u00e3o da instru\u00e7\u00e3o e do ensino. A ela cabe converter objetivos sociopol\u00edticos e pedag\u00f3gicos em objetivos de ensino, selecionar conte\u00fados e m\u00e9todos em fun\u00e7\u00e3o desses objetivos.<\/span><\/p>\n<p style=\"text-align: justify;\"><span style=\"color: #000000;\"><strong>Gil (1997)<\/strong>, ao abordar a Did\u00e1tica, entende esta como (&#8230;) a sistematiza\u00e7\u00e3o e racionaliza\u00e7\u00e3o do ensino, constitu\u00edda de m\u00e9todos e t\u00e9cnicas de ensino de que se vale o professor para efetivar a sua interven\u00e7\u00e3o no comportamento do estudante.<\/span><\/p>\n<p style=\"text-align: justify;\"><span style=\"color: #000000;\">Dessa forma, h\u00e1 preocupa\u00e7\u00f5es de alguns te\u00f3ricos quanto \u00e0 sua representa\u00e7\u00e3o e significa\u00e7\u00e3o no campo educacional. Vejamos:<\/span><\/p>\n<h2 style=\"text-align: center;\"><span style=\"color: #ff0000;\">Uma ideia resumida da did\u00e1tica<\/span><\/h2>\n<p style=\"text-align: justify;\"><span style=\"color: #000000;\">Uma s\u00edntese do conceito de Did\u00e1tica pode ser depreendida de Maria Rita Oliveira (1988): A autora conceitua Did\u00e1tica, considerando o Brasil, como uma concep\u00e7\u00e3o de ensino e pr\u00e1tica social articulada a outras pr\u00e1ticas sociais na forma\u00e7\u00e3o social brasileira. Assim, a autora apresenta uma conceitua\u00e7\u00e3o da did\u00e1tica como cr\u00edtica.<\/span><\/p>\n<p style=\"text-align: justify;\"><span style=\"color: #000000;\">Nela, h\u00e1 um compromisso com o ensino, ensino esse voltado para os interesses das classes populares, com a transforma\u00e7\u00e3o das rela\u00e7\u00f5es de opress\u00e3o e domina\u00e7\u00e3o e com a democratiza\u00e7\u00e3o da escola p\u00fablica; com o entendimento da sala de aula como espa\u00e7o de progress\u00e3o pr\u00f3prio do saber did\u00e1tico-pr\u00e1tico.<\/span><\/p>\n<p style=\"text-align: justify;\"><span style=\"color: #000000;\">Portanto, a did\u00e1tica \u00e9 definida como teoria pedag\u00f3gica de car\u00e1ter pr\u00e1tico, ou seja, teoria que busca prover respostas a demandas apresentadas pela sociedade \u00e0 \u00e1rea pedag\u00f3gica, sobre o desenvolvimento da pr\u00e1tica no dia a dia da sala de aula, por meio de princ\u00edpios constru\u00eddos sobre a realidade concreta dessa pr\u00e1tica, envolvendo um saber tecnol\u00f3gico que implique t\u00e9cnicas e regras sobre como ensinar. Assim:<\/span><\/p>\n<p style=\"text-align: justify;\"><span style=\"color: #000000;\"><em>A did\u00e1tica \u2013 teoria pedag\u00f3gica \u2013 estuda e ensina como transformar o saber escolar, ou seja, o processo de pedagogiza\u00e7\u00e3o do saber cient\u00edfico<\/em>.<\/span><\/p>\n<p style=\"text-align: justify;\"><span style=\"color: #000000;\">Santos complementa ainda que, ao se apresentar a Did\u00e1tica como respons\u00e1vel pela investiga\u00e7\u00e3o dos fundamentos, condi\u00e7\u00f5es e modos de realiza\u00e7\u00e3o da instru\u00e7\u00e3o e do ensino, a mesma passa a ter car\u00e1ter de \u201cci\u00eancia da educa\u00e7\u00e3o e assume o lugar da pr\u00f3pria Pedagogia\u201d.<\/span><\/p>\n<p style=\"text-align: justify;\"><span style=\"color: #000000;\">Sobre \u201cuma boa did\u00e1tica\u201d, observe o que nos diz o Gr\u00e1fico 1 abaixo.<\/span><\/p>\n<p style=\"text-align: justify;\"><span style=\"color: #000000;\"><a href=\"https:\/\/www.maxieduca.com.br\/blog\/wp-content\/uploads\/2016\/09\/Grafico-1.png\" rel=\"attachment wp-att-1980\"><img decoding=\"async\" loading=\"lazy\" class=\" wp-image-1980 aligncenter\" src=\"https:\/\/www.maxieduca.com.br\/blog\/wp-content\/uploads\/2016\/09\/Grafico-1.png\" alt=\"grafico-1 did\u00e1tica\" width=\"502\" height=\"282\" srcset=\"https:\/\/www.maxieduca.com.br\/blog\/wp-content\/uploads\/2016\/09\/Grafico-1.png 427w, https:\/\/www.maxieduca.com.br\/blog\/wp-content\/uploads\/2016\/09\/Grafico-1-300x169.png 300w, https:\/\/www.maxieduca.com.br\/blog\/wp-content\/uploads\/2016\/09\/Grafico-1-270x152.png 270w, https:\/\/www.maxieduca.com.br\/blog\/wp-content\/uploads\/2016\/09\/Grafico-1-263x148.png 263w\" sizes=\"(max-width: 502px) 100vw, 502px\" \/><\/a><\/span><\/p>\n<p style=\"text-align: justify;\"><span style=\"color: #000000;\">Ap\u00f3s o exposto, vamos contextualizar a trajet\u00f3ria hist\u00f3rica da did\u00e1tica.<\/span><\/p>\n<h2 style=\"text-align: justify;\"><\/h2>\n<h2 style=\"text-align: center;\"><span style=\"color: #ff0000;\"><strong>CONTEXTO HIST\u00d3RICO DA DID\u00c1TICA<\/strong><\/span><\/h2>\n<p style=\"text-align: justify;\"><span style=\"color: #000000;\">Para estudarmos a hist\u00f3ria da Did\u00e1tica, precisamos conhecer quem foi o \u201cpai da Did\u00e1tica\u201d. Ele desejava ensinar \u201ctudo a todos\u201d e atingir o ideal de uma \u201ceduca\u00e7\u00e3o ideal\u201d. Voc\u00ea sabe quem foi ele? Jan Amos Komensky ou Comenius (1592-1670) &nbsp;&nbsp;&nbsp;&nbsp;Educador e pedagogo do s\u00e9culo XVII.<\/span><\/p>\n<p style=\"text-align: justify;\"><span style=\"color: #000000;\"><a href=\"https:\/\/www.maxieduca.com.br\/blog\/wp-content\/uploads\/2016\/09\/Contexto-historico.png\" rel=\"attachment wp-att-1981\"><img decoding=\"async\" loading=\"lazy\" class=\" wp-image-1981 aligncenter\" src=\"https:\/\/www.maxieduca.com.br\/blog\/wp-content\/uploads\/2016\/09\/Contexto-historico.png\" alt=\"contexto-historico did\u00e1tica\" width=\"501\" height=\"429\" srcset=\"https:\/\/www.maxieduca.com.br\/blog\/wp-content\/uploads\/2016\/09\/Contexto-historico.png 675w, https:\/\/www.maxieduca.com.br\/blog\/wp-content\/uploads\/2016\/09\/Contexto-historico-300x257.png 300w, https:\/\/www.maxieduca.com.br\/blog\/wp-content\/uploads\/2016\/09\/Contexto-historico-222x190.png 222w, https:\/\/www.maxieduca.com.br\/blog\/wp-content\/uploads\/2016\/09\/Contexto-historico-263x225.png 263w\" sizes=\"(max-width: 501px) 100vw, 501px\" \/><\/a><\/span><\/p>\n<p style=\"text-align: justify;\"><span style=\"color: #000000;\">&#8211; &nbsp;Pensador e educador pacifista.<\/span><\/p>\n<p style=\"text-align: justify;\"><span style=\"color: #000000;\">&#8211; &nbsp;Pregava, em pleno s\u00e9culo XVII, o desarmamento mundial e o di\u00e1logo interreligioso.<\/span><\/p>\n<p style=\"text-align: justify;\"><span style=\"color: #000000;\">&#8211; &nbsp;Precursor de diretrizes universais.<\/span><\/p>\n<p style=\"text-align: justify;\"><span style=\"color: #000000;\">&#8211; &nbsp;Declarava o direito universal da educa\u00e7\u00e3o igualit\u00e1ria para todas as pessoas, de todos os povos e de qualquer condi\u00e7\u00e3o.<\/span><\/p>\n<p style=\"text-align: justify;\"><span style=\"color: #000000;\">&#8211; Tinha o projeto de ensino para todos: ensinar tudo a todos era a sua meta.<\/span><\/p>\n<p style=\"text-align: justify;\"><span style=\"color: #000000;\">&#8211; Sua vida foi atribulada de persegui\u00e7\u00f5es e fugas, sofrimentos e trabalho \u00e1rduo.<\/span><\/p>\n<p style=\"text-align: justify;\"><span style=\"color: #000000;\">&#8211; &nbsp;Morreu no ex\u00edlio, na Holanda, depois de perder p\u00e1tria, fam\u00edlia e bens.<\/span><\/p>\n<p style=\"text-align: justify;\"><span style=\"color: #000000;\"><strong>&nbsp;<\/strong><\/span><\/p>\n<h2 style=\"text-align: center;\"><span style=\"color: #ff0000;\"><strong>HIST\u00d3RICO DA DID\u00c1TICA<\/strong><\/span><\/h2>\n<h2 style=\"text-align: center;\"><span style=\"color: #ff0000;\"><strong>E SEU CAR\u00c1TER PEDAG\u00d3GICO<\/strong><\/span><\/h2>\n<p style=\"text-align: justify;\"><span style=\"color: #000000;\"><a href=\"https:\/\/www.maxieduca.com.br\/blog\/wp-content\/uploads\/2016\/09\/Historico-da-didatica-e-carater-pedagogico.jpg\" rel=\"attachment wp-att-1984\"><img decoding=\"async\" loading=\"lazy\" class=\" wp-image-1984 aligncenter\" src=\"https:\/\/www.maxieduca.com.br\/blog\/wp-content\/uploads\/2016\/09\/Historico-da-didatica-e-carater-pedagogico.jpg\" alt=\"historico-da-didatica-e-carater-pedagogico\" width=\"501\" height=\"560\" srcset=\"https:\/\/www.maxieduca.com.br\/blog\/wp-content\/uploads\/2016\/09\/Historico-da-didatica-e-carater-pedagogico.jpg 400w, https:\/\/www.maxieduca.com.br\/blog\/wp-content\/uploads\/2016\/09\/Historico-da-didatica-e-carater-pedagogico-268x300.jpg 268w, https:\/\/www.maxieduca.com.br\/blog\/wp-content\/uploads\/2016\/09\/Historico-da-didatica-e-carater-pedagogico-170x190.jpg 170w, https:\/\/www.maxieduca.com.br\/blog\/wp-content\/uploads\/2016\/09\/Historico-da-didatica-e-carater-pedagogico-235x263.jpg 235w\" sizes=\"(max-width: 501px) 100vw, 501px\" \/><\/a><\/span><\/p>\n<p style=\"text-align: justify;\"><span style=\"color: #000000;\">De acordo com a autora Maria Am\u00e9lia Castro (1991), consideremos:<\/span><\/p>\n<h2 style=\"text-align: justify;\"><\/h2>\n<h2 style=\"text-align: center;\"><span style=\"color: #ff0000;\"><strong>DID\u00c1TICA<\/strong><\/span><\/h2>\n<p style=\"text-align: justify;\"><span style=\"color: #000000;\"><strong>&nbsp;<\/strong><\/span><\/p>\n<p style=\"text-align: justify;\"><span style=\"color: #000000;\">&#8211; Termo conhecido desde a Gr\u00e9cia antiga.<\/span><\/p>\n<p style=\"text-align: justify;\"><span style=\"color: #000000;\">&#8211; &nbsp;Alguns definem a Did\u00e1tica como uma a\u00e7\u00e3o que se refere ao ensino.<\/span><\/p>\n<p style=\"text-align: justify;\"><span style=\"color: #000000;\">&#8211; Outros, como uma ci\u00eancia, cujo objetivo fundamental \u00e9 ocupar-se das estrat\u00e9gias de ensino, das quest\u00f5es pr\u00e1ticas relativas \u00e0 metodologia e \u00e0s estrat\u00e9gias de aprendizagem.<\/span><\/p>\n<p style=\"text-align: justify;\"><span style=\"color: #000000;\"><a href=\"https:\/\/www.maxieduca.com.br\/blog\/wp-content\/uploads\/2016\/09\/A-arte-de-ensinar.png\" rel=\"attachment wp-att-1985\"><img decoding=\"async\" loading=\"lazy\" class=\" wp-image-1985 aligncenter\" src=\"https:\/\/www.maxieduca.com.br\/blog\/wp-content\/uploads\/2016\/09\/A-arte-de-ensinar.png\" alt=\"a-arte-de-ensinar\" width=\"499\" height=\"152\" srcset=\"https:\/\/www.maxieduca.com.br\/blog\/wp-content\/uploads\/2016\/09\/A-arte-de-ensinar.png 394w, https:\/\/www.maxieduca.com.br\/blog\/wp-content\/uploads\/2016\/09\/A-arte-de-ensinar-300x91.png 300w, https:\/\/www.maxieduca.com.br\/blog\/wp-content\/uploads\/2016\/09\/A-arte-de-ensinar-270x82.png 270w, https:\/\/www.maxieduca.com.br\/blog\/wp-content\/uploads\/2016\/09\/A-arte-de-ensinar-263x80.png 263w\" sizes=\"(max-width: 499px) 100vw, 499px\" \/><\/a><\/span><\/p>\n<p style=\"text-align: justify;\"><span style=\"color: #000000;\">&#8211; Mas, o que \u00e9 <span style=\"color: #0000ff;\"><strong>ENSINAR<\/strong><\/span>?<\/span><\/p>\n<p style=\"text-align: justify;\"><span style=\"color: #000000;\">&#8211; ENSINAR \u00e9 dar orienta\u00e7\u00e3o ou educa\u00e7\u00e3o; formar; transmitir conhecimentos.<\/span><\/p>\n<p style=\"text-align: justify;\"><span style=\"color: #000000;\">Portanto, podemos afirmar que o <span style=\"color: #0000ff;\"><strong>ENSINO<\/strong><\/span> se relaciona com a DID\u00c1TICA, ou que \u00e9 seu objeto principal?<\/span><\/p>\n<p style=\"text-align: justify;\"><span style=\"color: #000000;\">&#8211; A disciplina DID\u00c1TICA, como campo de conhecimento, surgiu no s\u00e9culo XVII, e constituiu um marco revolucion\u00e1rio e doutrin\u00e1rio no campo da Educa\u00e7\u00e3o, com os seguintes educadores:<\/span><\/p>\n<p style=\"text-align: justify;\"><span style=\"color: #000000;\"><strong>&nbsp;<\/strong><\/span><\/p>\n<p style=\"text-align: justify;\"><span style=\"color: #000000;\"><strong>RAT\u00cdQUIO e COM\u00caNIO (s\u00e9culo XVII)<\/strong>, que propuseram agrupar os conhecimentos pedag\u00f3gicos.<\/span><\/p>\n<p style=\"text-align: justify;\"><span style=\"color: #000000;\"><strong>A obra de ROUSSEAU (1712\u00ad1778)<\/strong> deu origem a um novo conceito de inf\u00e2ncia.<\/span><\/p>\n<p style=\"text-align: justify;\"><span style=\"color: #000000;\"><strong>PESTALOZZI (1746\u00ad1827)<\/strong> d\u00e1 dimens\u00f5es sociais \u00e0 problem\u00e1tica educacional. A metodologia da Did\u00e1tica destina\u00adse ao desenvolvimento do aluno.<\/span><\/p>\n<p style=\"text-align: justify;\"><span style=\"color: #000000;\"><strong>HERBART (1776\u00ad1841)<\/strong> defende a ideia da \u201cEduca\u00e7\u00e3o pela Instru\u00e7\u00e3o\u201d. Assim, os fundamentos de suas propostas foram criticados pelos precursores da Escola Nova.<\/span><\/p>\n<p style=\"text-align: justify;\"><span style=\"color: #000000;\">Surgiu na d\u00e9cada de 1920 um movimento chamado escola Nova. Intelectuais inspirados nas ideias pol\u00edtico filos\u00f3ficas de igualdade entre os homens e do direito de todos \u00e0 educa\u00e7\u00e3o viam num sistema estatal de ensino p\u00fablico, livre e aberto, o \u00fanico meio efetivo de combate \u00e0s desigualdades sociais da na\u00e7\u00e3o. Dessa maneira:<\/span><\/p>\n<h2 style=\"text-align: justify;\"><\/h2>\n<h2 style=\"text-align: center;\"><span style=\"color: #ff0000;\"><strong>A Escola Nova<\/strong><\/span><\/h2>\n<p style=\"text-align: justify;\"><span style=\"color: #000000;\"><strong>&nbsp;<\/strong><\/span><\/p>\n<p style=\"text-align: justify;\"><span style=\"color: #000000;\">&#8211; A era do liberalismo, da industrializa\u00e7\u00e3o e urbaniza\u00e7\u00e3o, exigiu novos rumos na educa\u00e7\u00e3o.<\/span><\/p>\n<p style=\"text-align: justify;\"><span style=\"color: #000000;\">&#8211; Descobertas feitas sobre a natureza da crian\u00e7a pela Psicologia do final do s\u00e9culo XIX sustentam uma aten\u00e7\u00e3o maior nos aspectos internos e subjetivos do processo did\u00e1tico.<\/span><\/p>\n<p style=\"text-align: justify;\"><span style=\"color: #000000;\">No final do s\u00e9culo XIX, a Did\u00e1tica oscila entre diferentes paradigmas. Interpreta-se o <strong>ensino<\/strong> de diversas maneiras: h\u00e1 diferen\u00e7as entre posi\u00e7\u00f5es te\u00f3ricas e diretrizes metodol\u00f3gicas ou tecnol\u00f3gicas, assim:<\/span><\/p>\n<p style=\"text-align: justify;\"><span style=\"color: #000000;\">&#8211; A dial\u00e9tica professor-aluno causa discuss\u00f5es.<\/span><\/p>\n<p style=\"text-align: justify;\"><span style=\"color: #000000;\">&#8211; O inter-relacionamento da Did\u00e1tica com outras \u00e1reas do conhecimento \u00e9 intenso e constante.<\/span><\/p>\n<h2 style=\"text-align: justify;\"><\/h2>\n<h2 style=\"text-align: center;\"><span style=\"color: #ff0000;\"><strong>D\u00e9cada&nbsp;de 1930 no Brasil<\/strong><\/span><\/h2>\n<h3 style=\"text-align: justify;\"><span style=\"color: #0000ff;\"><strong><u>Conservadorismo<\/u><\/strong><strong>:<\/strong><\/span><\/h3>\n<p style=\"text-align: justify;\"><span style=\"color: #000000;\">&#8211; Sistema de ideias baseado nos conte\u00fados tradicionais.<\/span><\/p>\n<p style=\"text-align: justify;\"><span style=\"color: #000000;\">&#8211; O foco estava no professor e no conte\u00fado ministrado.<\/span><\/p>\n<p style=\"text-align: justify;\"><span style=\"color: #000000;\">&#8211; A exig\u00eancia da aprendizagem era apenas para o aluno.<\/span><\/p>\n<p style=\"text-align: justify;\"><span style=\"color: #000000;\">&#8211; O foco do ensino estava na memoriza\u00e7\u00e3o.<\/span><\/p>\n<p style=\"text-align: justify;\"><span style=\"color: #000000;\">&#8211; As provas eram aplicadas somente para dar notas.<\/span><\/p>\n<h2 style=\"text-align: justify;\"><\/h2>\n<h2 style=\"text-align: center;\"><span style=\"color: #ff0000;\"><strong>D\u00e9cada de 1970, a Did\u00e1tica no Brasil<\/strong><\/span><\/h2>\n<h3><\/h3>\n<h3><strong><span style=\"color: #0000ff;\">Tecnicismo<\/span><\/strong><\/h3>\n<p style=\"text-align: justify;\"><span style=\"color: #000000;\">O Tecnicismo \u00e9 forte na educa\u00e7\u00e3o, pois:<\/span><\/p>\n<p style=\"text-align: justify;\"><span style=\"color: #000000;\">\u00c9 uma tend\u00eancia que define uma pr\u00e1tica controlada e dirigida pelo professor com atividades mec\u00e2nicas. Assim, ela \u00e9 uma proposta educacional r\u00edgida em que o que \u00e9 valorizado n\u00e3o \u00e9 o professor, mas sim a tecnologia.<\/span><\/p>\n<p style=\"text-align: justify;\"><span style=\"color: #000000;\">O professor \u00e9 um especialista em aplica\u00e7\u00e3o de manuais t\u00e9cnicos, portanto isso contribui para diminuir a sua criatividade. O foco na efici\u00eancia da aprendizagem se d\u00e1 pela elabora\u00e7\u00e3o de planos de ensino e a sele\u00e7\u00e3o de conte\u00fados; pela pr\u00e1tica pedag\u00f3gica altamente controlada e dirigida pelo professor e atividades mec\u00e2nicas inseridas em uma proposta educacional r\u00edgida.<\/span><\/p>\n<p style=\"text-align: justify;\"><span style=\"color: #000000;\"><strong>&nbsp;<\/strong><\/span><\/p>\n<h2 style=\"text-align: center;\"><span style=\"color: #ff0000;\"><strong>QUAL A SITUA\u00c7\u00c3O ATUAL DA DID\u00c1TICA?<\/strong><\/span><\/h2>\n<p style=\"text-align: justify;\"><span style=\"color: #000000;\"><a href=\"https:\/\/www.maxieduca.com.br\/blog\/wp-content\/uploads\/2016\/09\/Situacao-atual-da-didatica.png\" rel=\"attachment wp-att-1986\"><img decoding=\"async\" loading=\"lazy\" class=\" wp-image-1986 aligncenter\" src=\"https:\/\/www.maxieduca.com.br\/blog\/wp-content\/uploads\/2016\/09\/Situacao-atual-da-didatica.png\" alt=\"situacao-atual-da-didatica\" width=\"499\" height=\"444\" srcset=\"https:\/\/www.maxieduca.com.br\/blog\/wp-content\/uploads\/2016\/09\/Situacao-atual-da-didatica.png 500w, https:\/\/www.maxieduca.com.br\/blog\/wp-content\/uploads\/2016\/09\/Situacao-atual-da-didatica-300x267.png 300w, https:\/\/www.maxieduca.com.br\/blog\/wp-content\/uploads\/2016\/09\/Situacao-atual-da-didatica-213x190.png 213w, https:\/\/www.maxieduca.com.br\/blog\/wp-content\/uploads\/2016\/09\/Situacao-atual-da-didatica-263x234.png 263w\" sizes=\"(max-width: 499px) 100vw, 499px\" \/><\/a><\/span><\/p>\n<p style=\"text-align: justify;\"><span style=\"color: #000000;\"><strong>Afinal, ser\u00e1 mesmo a Did\u00e1tica apenas uma orienta\u00e7\u00e3o para a pr\u00e1tica, logo, uma esp\u00e9cie de receitu\u00e1rio do bom ensino? Esse \u00e9 um dos mais discutidos problemas da disciplina.<\/strong><\/span><\/p>\n<p style=\"text-align: justify;\"><span style=\"color: #000000;\">A Did\u00e1tica se aproxima de outras teorias, em sua necessidade de explicar as rela\u00e7\u00f5es entre os eventos que estuda, pois a fun\u00e7\u00e3o da teoria \u00e9 a explica\u00e7\u00e3o.<\/span><\/p>\n<p style=\"text-align: justify;\"><span style=\"color: #000000;\">Assim, a Did\u00e1tica deve conviver com essa dupla fei\u00e7\u00e3o, te\u00f3rica e pr\u00e1tica.<\/span><\/p>\n<h2 style=\"text-align: center;\"><span style=\"color: #ff0000;\"><strong>DID\u00c1TICA HOJE<\/strong><\/span><\/h2>\n<p style=\"text-align: justify;\"><span style=\"color: #000000;\">H\u00e1 comprometimento com a qualidade cognitiva das aprendizagens. Por isso o professor \u00e9 o mediador da aprendizagem e estimula os alunos \u00e0 reflex\u00e3o.<\/span><\/p>\n<p style=\"text-align: justify;\"><span style=\"color: #000000;\"><a href=\"https:\/\/www.maxieduca.com.br\/blog\/wp-content\/uploads\/2016\/09\/Em-resumo.png\" rel=\"attachment wp-att-1987\"><img decoding=\"async\" loading=\"lazy\" class=\" wp-image-1987 aligncenter\" src=\"https:\/\/www.maxieduca.com.br\/blog\/wp-content\/uploads\/2016\/09\/Em-resumo.png\" alt=\"em-resumo\" width=\"550\" height=\"208\" srcset=\"https:\/\/www.maxieduca.com.br\/blog\/wp-content\/uploads\/2016\/09\/Em-resumo.png 687w, https:\/\/www.maxieduca.com.br\/blog\/wp-content\/uploads\/2016\/09\/Em-resumo-300x114.png 300w, https:\/\/www.maxieduca.com.br\/blog\/wp-content\/uploads\/2016\/09\/Em-resumo-270x102.png 270w, https:\/\/www.maxieduca.com.br\/blog\/wp-content\/uploads\/2016\/09\/Em-resumo-263x100.png 263w\" sizes=\"(max-width: 550px) 100vw, 550px\" \/><\/a><\/span><\/p>\n<p style=\"text-align: justify;\"><span style=\"color: #000000;\">Por fim, fechamos o conte\u00fado sobre a \u201ca evolu\u00e7\u00e3o da did\u00e1tica\u201d, gostar\u00edamos muito de saber sua opini\u00e3o, dica ou sugest\u00e3o.&nbsp;<\/span><\/p>\n<p>N\u00e3o fique de fora desses assuntos. \u00c9 s\u00f3 me seguir no Instagram <a href=\"https:\/\/www.instagram.com\/marciomaxieduca\/\">@marciomaxieduca<\/a><\/p>\n<p style=\"text-align: justify;\"><span style=\"color: #000000;\"><strong>&nbsp;<\/strong><\/span><\/p>\n<h6 style=\"text-align: center;\"><span style=\"color: #000000;\"><strong>Refer\u00eancia:<\/strong><\/span><\/h6>\n<h6 style=\"text-align: center;\"><em><strong><span style=\"color: #000000;\">Tavares, R. H. Did\u00e1tica geral \/ Rosilene Horta Tavares. Belo Horizonte: Editora UFMG, 2011.<\/span><\/strong><\/em><\/h6>\n<p style=\"text-align: justify;\">\n","protected":false},"excerpt":{"rendered":"<p>O sonho de todo professor \u00e9 dar uma aula atrativa [&hellip;]<\/p>\n","protected":false},"author":1,"featured_media":14618,"comment_status":"open","ping_status":"open","sticky":false,"template":"","format":"standard","meta":[],"categories":[99],"tags":[],"acf":[],"yoast_head":"<!-- This site is optimized with the Yoast SEO plugin v20.7 - https:\/\/yoast.com\/wordpress\/plugins\/seo\/ -->\n<title>Did\u00e1tica e sua import\u00e2ncia no dia a dia da sala de aula<\/title>\n<meta name=\"description\" content=\"O sonho de todo professor \u00e9 ter uma boa did\u00e1tica para os alunos, conquistando os educandos e o interesse para uma aprendizagem significativa.\" \/>\n<meta name=\"robots\" content=\"index, follow, max-snippet:-1, max-image-preview:large, max-video-preview:-1\" \/>\n<link rel=\"canonical\" href=\"https:\/\/www.maxieduca.com.br\/blog\/educacao\/didatica-importancia-sala-de-aula\/\" \/>\n<meta property=\"og:locale\" content=\"pt_BR\" \/>\n<meta property=\"og:type\" content=\"article\" \/>\n<meta property=\"og:title\" content=\"Did\u00e1tica e sua import\u00e2ncia no dia a dia da sala de aula\" \/>\n<meta property=\"og:description\" content=\"O sonho de todo professor \u00e9 ter uma boa did\u00e1tica para os alunos, conquistando os educandos e o interesse para uma aprendizagem significativa.\" \/>\n<meta property=\"og:url\" content=\"https:\/\/www.maxieduca.com.br\/blog\/educacao\/didatica-importancia-sala-de-aula\/\" \/>\n<meta property=\"og:site_name\" content=\"Blog Maxi Educa\" \/>\n<meta property=\"article:author\" content=\"https:\/\/www.facebook.com\/maxieduca\/\" \/>\n<meta property=\"article:published_time\" content=\"2016-09-08T12:39:13+00:00\" \/>\n<meta property=\"article:modified_time\" content=\"2021-02-08T10:35:04+00:00\" \/>\n<meta property=\"og:image\" content=\"https:\/\/www.maxieduca.com.br\/blog\/wp-content\/uploads\/2016\/09\/03-Blog-Didatica-Sala-Aula.png\" \/>\n\t<meta property=\"og:image:width\" content=\"749\" \/>\n\t<meta property=\"og:image:height\" content=\"410\" \/>\n\t<meta property=\"og:image:type\" content=\"image\/png\" \/>\n<meta name=\"author\" content=\"Maxi Educa\" \/>\n<meta name=\"twitter:card\" content=\"summary_large_image\" \/>\n<meta name=\"twitter:label1\" content=\"Written by\" \/>\n\t<meta name=\"twitter:data1\" content=\"Maxi Educa\" \/>\n\t<meta name=\"twitter:label2\" content=\"Est. reading time\" \/>\n\t<meta name=\"twitter:data2\" content=\"8 minutos\" \/>\n<script type=\"application\/ld+json\" class=\"yoast-schema-graph\">{\"@context\":\"https:\/\/schema.org\",\"@graph\":[{\"@type\":\"Article\",\"@id\":\"https:\/\/www.maxieduca.com.br\/blog\/educacao\/didatica-importancia-sala-de-aula\/#article\",\"isPartOf\":{\"@id\":\"https:\/\/www.maxieduca.com.br\/blog\/educacao\/didatica-importancia-sala-de-aula\/\"},\"author\":{\"name\":\"Maxi Educa\",\"@id\":\"https:\/\/www.maxieduca.com.br\/blog\/#\/schema\/person\/68199fc0c87ce1eb052e5f6586a1964f\"},\"headline\":\"O que \u00e9 a did\u00e1tica e qual sua import\u00e2ncia para bom desempenho no dia a dia da sala de aula\",\"datePublished\":\"2016-09-08T12:39:13+00:00\",\"dateModified\":\"2021-02-08T10:35:04+00:00\",\"mainEntityOfPage\":{\"@id\":\"https:\/\/www.maxieduca.com.br\/blog\/educacao\/didatica-importancia-sala-de-aula\/\"},\"wordCount\":1582,\"commentCount\":231,\"publisher\":{\"@id\":\"https:\/\/www.maxieduca.com.br\/blog\/#organization\"},\"articleSection\":[\"Educa\u00e7\u00e3o\"],\"inLanguage\":\"pt-BR\",\"potentialAction\":[{\"@type\":\"CommentAction\",\"name\":\"Comment\",\"target\":[\"https:\/\/www.maxieduca.com.br\/blog\/educacao\/didatica-importancia-sala-de-aula\/#respond\"]}]},{\"@type\":\"WebPage\",\"@id\":\"https:\/\/www.maxieduca.com.br\/blog\/educacao\/didatica-importancia-sala-de-aula\/\",\"url\":\"https:\/\/www.maxieduca.com.br\/blog\/educacao\/didatica-importancia-sala-de-aula\/\",\"name\":\"Did\u00e1tica e sua import\u00e2ncia no dia a dia da sala de aula\",\"isPartOf\":{\"@id\":\"https:\/\/www.maxieduca.com.br\/blog\/#website\"},\"datePublished\":\"2016-09-08T12:39:13+00:00\",\"dateModified\":\"2021-02-08T10:35:04+00:00\",\"description\":\"O sonho de todo professor \u00e9 ter uma boa did\u00e1tica para os alunos, conquistando os educandos e o interesse para uma aprendizagem significativa.\",\"breadcrumb\":{\"@id\":\"https:\/\/www.maxieduca.com.br\/blog\/educacao\/didatica-importancia-sala-de-aula\/#breadcrumb\"},\"inLanguage\":\"pt-BR\",\"potentialAction\":[{\"@type\":\"ReadAction\",\"target\":[\"https:\/\/www.maxieduca.com.br\/blog\/educacao\/didatica-importancia-sala-de-aula\/\"]}]},{\"@type\":\"BreadcrumbList\",\"@id\":\"https:\/\/www.maxieduca.com.br\/blog\/educacao\/didatica-importancia-sala-de-aula\/#breadcrumb\",\"itemListElement\":[{\"@type\":\"ListItem\",\"position\":1,\"name\":\"In\u00edcio\",\"item\":\"https:\/\/www.maxieduca.com.br\/blog\/\"},{\"@type\":\"ListItem\",\"position\":2,\"name\":\"O que \u00e9 a did\u00e1tica e qual sua import\u00e2ncia para bom desempenho no dia a dia da sala de aula\"}]},{\"@type\":\"WebSite\",\"@id\":\"https:\/\/www.maxieduca.com.br\/blog\/#website\",\"url\":\"https:\/\/www.maxieduca.com.br\/blog\/\",\"name\":\"Blog Maxi Educa\",\"description\":\"Dicas de concursos, apostilas e vestibulares\",\"publisher\":{\"@id\":\"https:\/\/www.maxieduca.com.br\/blog\/#organization\"},\"potentialAction\":[{\"@type\":\"SearchAction\",\"target\":{\"@type\":\"EntryPoint\",\"urlTemplate\":\"https:\/\/www.maxieduca.com.br\/blog\/?s={search_term_string}\"},\"query-input\":\"required name=search_term_string\"}],\"inLanguage\":\"pt-BR\"},{\"@type\":\"Organization\",\"@id\":\"https:\/\/www.maxieduca.com.br\/blog\/#organization\",\"name\":\"Maxi Educa - Instituto maximize educa\u00e7\u00e3o\",\"url\":\"https:\/\/www.maxieduca.com.br\/blog\/\",\"logo\":{\"@type\":\"ImageObject\",\"inLanguage\":\"pt-BR\",\"@id\":\"https:\/\/www.maxieduca.com.br\/blog\/#\/schema\/logo\/image\/\",\"url\":\"https:\/\/blog.maxieduca.com.br\/wp-content\/uploads\/2016\/11\/logo-colorida.png\",\"contentUrl\":\"https:\/\/blog.maxieduca.com.br\/wp-content\/uploads\/2016\/11\/logo-colorida.png\",\"width\":228,\"height\":115,\"caption\":\"Maxi Educa - Instituto maximize educa\u00e7\u00e3o\"},\"image\":{\"@id\":\"https:\/\/www.maxieduca.com.br\/blog\/#\/schema\/logo\/image\/\"}},{\"@type\":\"Person\",\"@id\":\"https:\/\/www.maxieduca.com.br\/blog\/#\/schema\/person\/68199fc0c87ce1eb052e5f6586a1964f\",\"name\":\"Maxi Educa\",\"image\":{\"@type\":\"ImageObject\",\"inLanguage\":\"pt-BR\",\"@id\":\"https:\/\/www.maxieduca.com.br\/blog\/#\/schema\/person\/image\/\",\"url\":\"https:\/\/secure.gravatar.com\/avatar\/7a70859a889fec5befd9091d19827e8a?s=96&d=mm&r=g\",\"contentUrl\":\"https:\/\/secure.gravatar.com\/avatar\/7a70859a889fec5befd9091d19827e8a?s=96&d=mm&r=g\",\"caption\":\"Maxi Educa\"},\"description\":\"Nossa miss\u00e3o \u00e9 proporcionar uma educa\u00e7\u00e3o \u00e0 dist\u00e2ncia de qualidade atrav\u00e9s de cursos online e apostilas digitais, certificando e qualificando nossos alunos.\",\"sameAs\":[\"http:\/\/www.maxieduca.com.br\",\"https:\/\/www.facebook.com\/maxieduca\/\"],\"url\":\"https:\/\/www.maxieduca.com.br\/blog\/author\/admin\/\"}]}<\/script>\n<!-- \/ Yoast SEO plugin. -->","yoast_head_json":{"title":"Did\u00e1tica e sua import\u00e2ncia no dia a dia da sala de aula","description":"O sonho de todo professor \u00e9 ter uma boa did\u00e1tica para os alunos, conquistando os educandos e o interesse para uma aprendizagem significativa.","robots":{"index":"index","follow":"follow","max-snippet":"max-snippet:-1","max-image-preview":"max-image-preview:large","max-video-preview":"max-video-preview:-1"},"canonical":"https:\/\/www.maxieduca.com.br\/blog\/educacao\/didatica-importancia-sala-de-aula\/","og_locale":"pt_BR","og_type":"article","og_title":"Did\u00e1tica e sua import\u00e2ncia no dia a dia da sala de aula","og_description":"O sonho de todo professor \u00e9 ter uma boa did\u00e1tica para os alunos, conquistando os educandos e o interesse para uma aprendizagem significativa.","og_url":"https:\/\/www.maxieduca.com.br\/blog\/educacao\/didatica-importancia-sala-de-aula\/","og_site_name":"Blog Maxi Educa","article_author":"https:\/\/www.facebook.com\/maxieduca\/","article_published_time":"2016-09-08T12:39:13+00:00","article_modified_time":"2021-02-08T10:35:04+00:00","og_image":[{"width":749,"height":410,"url":"https:\/\/www.maxieduca.com.br\/blog\/wp-content\/uploads\/2016\/09\/03-Blog-Didatica-Sala-Aula.png","type":"image\/png"}],"author":"Maxi Educa","twitter_card":"summary_large_image","twitter_misc":{"Written by":"Maxi Educa","Est. reading time":"8 minutos"},"schema":{"@context":"https:\/\/schema.org","@graph":[{"@type":"Article","@id":"https:\/\/www.maxieduca.com.br\/blog\/educacao\/didatica-importancia-sala-de-aula\/#article","isPartOf":{"@id":"https:\/\/www.maxieduca.com.br\/blog\/educacao\/didatica-importancia-sala-de-aula\/"},"author":{"name":"Maxi Educa","@id":"https:\/\/www.maxieduca.com.br\/blog\/#\/schema\/person\/68199fc0c87ce1eb052e5f6586a1964f"},"headline":"O que \u00e9 a did\u00e1tica e qual sua import\u00e2ncia para bom desempenho no dia a dia da sala de aula","datePublished":"2016-09-08T12:39:13+00:00","dateModified":"2021-02-08T10:35:04+00:00","mainEntityOfPage":{"@id":"https:\/\/www.maxieduca.com.br\/blog\/educacao\/didatica-importancia-sala-de-aula\/"},"wordCount":1582,"commentCount":231,"publisher":{"@id":"https:\/\/www.maxieduca.com.br\/blog\/#organization"},"articleSection":["Educa\u00e7\u00e3o"],"inLanguage":"pt-BR","potentialAction":[{"@type":"CommentAction","name":"Comment","target":["https:\/\/www.maxieduca.com.br\/blog\/educacao\/didatica-importancia-sala-de-aula\/#respond"]}]},{"@type":"WebPage","@id":"https:\/\/www.maxieduca.com.br\/blog\/educacao\/didatica-importancia-sala-de-aula\/","url":"https:\/\/www.maxieduca.com.br\/blog\/educacao\/didatica-importancia-sala-de-aula\/","name":"Did\u00e1tica e sua import\u00e2ncia no dia a dia da sala de aula","isPartOf":{"@id":"https:\/\/www.maxieduca.com.br\/blog\/#website"},"datePublished":"2016-09-08T12:39:13+00:00","dateModified":"2021-02-08T10:35:04+00:00","description":"O sonho de todo professor \u00e9 ter uma boa did\u00e1tica para os alunos, conquistando os educandos e o interesse para uma aprendizagem significativa.","breadcrumb":{"@id":"https:\/\/www.maxieduca.com.br\/blog\/educacao\/didatica-importancia-sala-de-aula\/#breadcrumb"},"inLanguage":"pt-BR","potentialAction":[{"@type":"ReadAction","target":["https:\/\/www.maxieduca.com.br\/blog\/educacao\/didatica-importancia-sala-de-aula\/"]}]},{"@type":"BreadcrumbList","@id":"https:\/\/www.maxieduca.com.br\/blog\/educacao\/didatica-importancia-sala-de-aula\/#breadcrumb","itemListElement":[{"@type":"ListItem","position":1,"name":"In\u00edcio","item":"https:\/\/www.maxieduca.com.br\/blog\/"},{"@type":"ListItem","position":2,"name":"O que \u00e9 a did\u00e1tica e qual sua import\u00e2ncia para bom desempenho no dia a dia da sala de aula"}]},{"@type":"WebSite","@id":"https:\/\/www.maxieduca.com.br\/blog\/#website","url":"https:\/\/www.maxieduca.com.br\/blog\/","name":"Blog Maxi Educa","description":"Dicas de concursos, apostilas e vestibulares","publisher":{"@id":"https:\/\/www.maxieduca.com.br\/blog\/#organization"},"potentialAction":[{"@type":"SearchAction","target":{"@type":"EntryPoint","urlTemplate":"https:\/\/www.maxieduca.com.br\/blog\/?s={search_term_string}"},"query-input":"required name=search_term_string"}],"inLanguage":"pt-BR"},{"@type":"Organization","@id":"https:\/\/www.maxieduca.com.br\/blog\/#organization","name":"Maxi Educa - Instituto maximize educa\u00e7\u00e3o","url":"https:\/\/www.maxieduca.com.br\/blog\/","logo":{"@type":"ImageObject","inLanguage":"pt-BR","@id":"https:\/\/www.maxieduca.com.br\/blog\/#\/schema\/logo\/image\/","url":"https:\/\/blog.maxieduca.com.br\/wp-content\/uploads\/2016\/11\/logo-colorida.png","contentUrl":"https:\/\/blog.maxieduca.com.br\/wp-content\/uploads\/2016\/11\/logo-colorida.png","width":228,"height":115,"caption":"Maxi Educa - Instituto maximize educa\u00e7\u00e3o"},"image":{"@id":"https:\/\/www.maxieduca.com.br\/blog\/#\/schema\/logo\/image\/"}},{"@type":"Person","@id":"https:\/\/www.maxieduca.com.br\/blog\/#\/schema\/person\/68199fc0c87ce1eb052e5f6586a1964f","name":"Maxi Educa","image":{"@type":"ImageObject","inLanguage":"pt-BR","@id":"https:\/\/www.maxieduca.com.br\/blog\/#\/schema\/person\/image\/","url":"https:\/\/secure.gravatar.com\/avatar\/7a70859a889fec5befd9091d19827e8a?s=96&d=mm&r=g","contentUrl":"https:\/\/secure.gravatar.com\/avatar\/7a70859a889fec5befd9091d19827e8a?s=96&d=mm&r=g","caption":"Maxi Educa"},"description":"Nossa miss\u00e3o \u00e9 proporcionar uma educa\u00e7\u00e3o \u00e0 dist\u00e2ncia de qualidade atrav\u00e9s de cursos online e apostilas digitais, certificando e qualificando nossos alunos.","sameAs":["http:\/\/www.maxieduca.com.br","https:\/\/www.facebook.com\/maxieduca\/"],"url":"https:\/\/www.maxieduca.com.br\/blog\/author\/admin\/"}]}},"_links":{"self":[{"href":"https:\/\/www.maxieduca.com.br\/blog\/wp-json\/wp\/v2\/posts\/1976"}],"collection":[{"href":"https:\/\/www.maxieduca.com.br\/blog\/wp-json\/wp\/v2\/posts"}],"about":[{"href":"https:\/\/www.maxieduca.com.br\/blog\/wp-json\/wp\/v2\/types\/post"}],"author":[{"embeddable":true,"href":"https:\/\/www.maxieduca.com.br\/blog\/wp-json\/wp\/v2\/users\/1"}],"replies":[{"embeddable":true,"href":"https:\/\/www.maxieduca.com.br\/blog\/wp-json\/wp\/v2\/comments?post=1976"}],"version-history":[{"count":27,"href":"https:\/\/www.maxieduca.com.br\/blog\/wp-json\/wp\/v2\/posts\/1976\/revisions"}],"predecessor-version":[{"id":15251,"href":"https:\/\/www.maxieduca.com.br\/blog\/wp-json\/wp\/v2\/posts\/1976\/revisions\/15251"}],"wp:featuredmedia":[{"embeddable":true,"href":"https:\/\/www.maxieduca.com.br\/blog\/wp-json\/wp\/v2\/media\/14618"}],"wp:attachment":[{"href":"https:\/\/www.maxieduca.com.br\/blog\/wp-json\/wp\/v2\/media?parent=1976"}],"wp:term":[{"taxonomy":"category","embeddable":true,"href":"https:\/\/www.maxieduca.com.br\/blog\/wp-json\/wp\/v2\/categories?post=1976"},{"taxonomy":"post_tag","embeddable":true,"href":"https:\/\/www.maxieduca.com.br\/blog\/wp-json\/wp\/v2\/tags?post=1976"}],"curies":[{"name":"wp","href":"https:\/\/api.w.org\/{rel}","templated":true}]}}